{"id":619,"date":"2022-03-22T08:00:23","date_gmt":"2022-03-22T08:00:23","guid":{"rendered":"https:\/\/cervinusteatrum.hu\/?p=619"},"modified":"2022-07-19T13:56:12","modified_gmt":"2022-07-19T13:56:12","slug":"vergodo-szerelem-szent-ivan-ejjelen","status":"publish","type":"post","link":"https:\/\/cervinusteatrum.hu\/sk\/vergodo-szerelem-szent-ivan-ejjelen\/","title":{"rendered":"Verg\u0151d\u0151 szerelem Szent Iv\u00e1n \u00e9jjel\u00e9n"},"content":{"rendered":"<p>Vas\u00e1rnap d\u00e9lut\u00e1n a\u00a0Cervinus T\u00e1trumban\u00a0ism\u00e9t felolvas\u00f3sz\u00ednh\u00e1z v\u00e1rta k\u00f6z\u00f6ns\u00e9g\u00e9t. Ez\u00fattal August Strindberg Julie kisasszony c\u00edm\u0171 naturalista szomor\u00faj\u00e1t\u00e9k\u00e1t v\u00e1lasztotta D\u00f3sa Zsuzsa rendez\u0151.<\/p>\n\n\n\n<p>Johan August Strindberg (1849-1912) sv\u00e9d dr\u00e1ma-, reg\u00e9ny- \u00e9s elbesz\u00e9l\u00e9s\u00edr\u00f3, fest\u0151. J\u00falia kisasszony c\u00edm\u0171 m\u0171v\u00e9t 1888-ban \u00edrta. Sv\u00e9dorsz\u00e1gi bemutat\u00f3j\u00e1ra 1906-ban ker\u00fclt sor. Els\u0151 magyar ford\u00edt\u00e1s\u00e1t B\u00e1lint Lajos k\u00e9sz\u00edtette.<\/p>\n\n\n\n<p>A t\u00f6rt\u00e9net Szent Iv\u00e1n \u00e9jjel\u00e9n j\u00e1tsz\u00f3dik a gr\u00f3f konyh\u00e1j\u00e1ban. Julie gr\u00f3fkisasszony (Szemer\u00e9di Bernadett), Jean, a lak\u00e1j (Timk\u00f3 J\u00e1nos) \u00e9s \u2013 Jean nem hivatalos jegyese \u2013 Kristin, a szak\u00e1csn\u0151 (Harcsa Bogl\u00e1rka) k\u00f6z\u00f6tt. Mindh\u00e1rman fiatalok.<\/p>\n\n\n\n<p>A kisasszony elcs\u00e1b\u00edtja a lak\u00e1jt, ami az\u00e9rt sem neh\u00e9z, mert r\u00e9gen szerelmes volt bel\u00e9. \u0150r\u00fclt j\u00e1t\u00e9k kezd\u0151dik a k\u00e9t ember k\u00f6z\u00f6tt, aminek tan\u00fai lehet\u00fcnk. A rejtett v\u00e1gyak utat t\u00f6rnek, a gr\u00f3fn\u0151 elcs\u00e1b\u00edtja apja inas\u00e1t. Julie eleinte lekezel\u0151en, f\u00f6l\u00e9nyesen besz\u00e9l, parancsolgat, azonban Jean egy id\u0151 ut\u00e1n v\u00e1ltoztat a helyzeten \u00e9s \u00f6n\u00e9rzetesen, egyenrang\u00faan, s\u0151t, f\u00f6l\u00e9nyesen kezd besz\u00e9lni a kisasszonnyal. Vonzalom-tasz\u00edt\u00e1s \u00far \u00e9s szolga k\u00f6z\u00f6tt. A gyilkos \u00e9s \u00e1ldozat verg\u0151d\u00e9se, de a verg\u0151d\u00e9st mind a n\u0151nek, mind a f\u00e9rfinek ki kell \u00e1llnia. \u00c9rdekes m\u00f3don nem Julie f\u00e9l a pletyk\u00e1kt\u00f3l, hanem Jean, ez\u00e9rt sokkal visszafogottabb, de az \u00e9rz\u00e9sek \u00edgy is utat t\u00f6rnek.<\/p>\n\n\n\n<p>Besz\u00e9lnek a v\u00e1gyaikr\u00f3l, az \u00e1lmaikr\u00f3l. Juliete: \u201e<em>Van egy visszat\u00e9r\u0151 \u00e1lmom: fent \u00fcl\u00f6k a magasban, egy oszlop tetej\u00e9n, \u00e9s nem tudok lej\u00f6nni; ha len\u00e9zek, sz\u00e9d\u00fcl\u00f6k, de m\u00e9gis le kell valahogy ker\u00fcln\u00f6m<\/em>!\u201d Jean v\u00e1lasza: \u201e<em>\u00c9n mindig azt \u00e1lmodom, hogy s\u00f6t\u00e9t erd\u0151ben egy magas fa alatt fekszem. Fel akarok m\u00e1szni, fel, a fa cs\u00facs\u00e1ra, k\u00f6r\u00fcln\u00e9zni a napf\u00e9nyben f\u00fcrd\u0151 ragyog\u00f3 t\u00e1jon, megd\u00e9zsm\u00e1lni a magasban a mad\u00e1rf\u00e9szket, amelyben aranytoj\u00e1sok rejt\u0151znek. \u00c9s m\u00e1szom, \u00e9s m\u00e1szom, de t\u00f6rzs vastag \u00e9s sima, \u00e9s olyan magasan kezd\u0151dnek az \u00e1gak\u2026 M\u00e9g nem jutottam fel, de feljutok, ha csak \u00e1lmomban is!<\/em>\u201d A k\u00e9t \u00e1lomban benne van a gr\u00f3fkisasszony \u00e9s az inas viszonya, amin nem lehet v\u00e1ltoztatni. Jean mondata:&nbsp;<em>\u201eHa kilenc szentiv\u00e1n\u00e9ji vir\u00e1got tesz\u00fcnk a p\u00e1rn\u00e1nk al\u00e1 kisasszony, akkor beteljesedik az \u00e1lmunk!\u201d<\/em>&nbsp;De ez csak \u00e1lom, Szent Iv\u00e1n-\u00e9ji \u00e1lom. Igaz\u00e1b\u00f3l k\u00e9t emberr\u0151l sz\u00f3l, akik a t\u00e1rsadalmi rang ellen\u00e9re megtal\u00e1lj\u00e1k a k\u00f6z\u00f6s hangot, de a dr\u00e1ma nem err\u0151l sz\u00f3l. Mert a dr\u00e1ma nagyon is jelen van, k\u00f3dolva van az a t\u00e1rsadalmi k\u00fcl\u00f6nbs\u00e9g, amit nem l\u00e9phetnek \u00e1t \u2013 nem l\u00e9phetn\u00e9nek \u00e1t.<\/p>\n\n\n\n<p>A darab Julie kisasszonyr\u00f3l \u00e9s Jeanr\u00f3l sz\u00f3lt. Szemer\u00e9di Bernadett \u00e9s Timk\u00f3 J\u00e1nos brav\u00faros alak\u00edt\u00e1st ny\u00fajtottak, akik olyan \u00f6sszhangban \u00e9s energi\u00e1kkal j\u00e1tszott\u00e1k az \u00farn\u0151 \u00e9s a lak\u00e1j szerep\u00e9t, hogy a k\u00f6z\u00f6ns\u00e9g n\u00e9ma csendben, szinte l\u00e9legzetvisszafojtva figyelte a cselekm\u00e9nyt, a gonosz j\u00e1t\u00e9kot f\u00e9rfi \u00e9s n\u0151 k\u00f6z\u00f6tt, amelyet egyik f\u00e9l sem nyerhetett meg, mert mindketten adtak, kaptak. \u00c9s a v\u00e9ge sz\u00e1momra \u2013 felfoghatatlan\u2026<\/p>\n\n\n\n<p>Vas\u00e1rnap este olyan dr\u00e1m\u00e1t l\u00e1ttunk, ami megh\u00f6kkentett, sok\u00e1ig a hat\u00e1sa alatt voltam, \u00e9s vagyok. Harcsa Bogl\u00e1rka Kristin szerep\u00e9ben fontos volt, hiszen \u0151 a j\u00f3zan, az okos, az elenged\u0151. J\u00e1t\u00e9ka t\u00f6k\u00e9letes!<\/p>\n\n\n\n<p>D\u00f3sa Zsuzsa megint olyan darabot v\u00e1lasztott, amely az \u00e1mulat ut\u00e1n gondolkod\u00e1sra k\u00e9sztett, \u00e9s nagyon \u00f6r\u00fcl\u00f6k, hogy telth\u00e1znyian voltak k\u00edv\u00e1ncsiak erre a megism\u00e9telhetetlen est\u00e9re.<\/p>\n\n\n\n<p>Forr\u00e1s: <a href=\"https:\/\/www.newjsag.hu\/2022\/02\/23\/vergodo-szerelem-szent-ivan-ejjelen\/\" target=\"_blank\" rel=\"noreferrer noopener\">https:\/\/www.newjsag.hu\/2022\/02\/23\/vergodo-szerelem-szent-ivan-ejjelen\/<\/a><\/p>","protected":false},"excerpt":{"rendered":"<p>Vas\u00e1rnap d\u00e9lut\u00e1n a\u00a0Cervinus T\u00e1trumban\u00a0ism\u00e9t felolvas\u00f3sz\u00ednh\u00e1z v\u00e1rta k\u00f6z\u00f6ns\u00e9g\u00e9t. Ez\u00fattal August Strindberg Julie kisasszony c\u00edm\u0171 naturalista szomor\u00faj\u00e1t\u00e9k\u00e1t v\u00e1lasztotta D\u00f3sa Zsuzsa rendez\u0151. Johan August Strindberg (1849-1912) sv\u00e9d dr\u00e1ma-, reg\u00e9ny- \u00e9s elbesz\u00e9l\u00e9s\u00edr\u00f3, fest\u0151. J\u00falia kisasszony c\u00edm\u0171 m\u0171v\u00e9t 1888-ban \u00edrta. Sv\u00e9dorsz\u00e1gi bemutat\u00f3j\u00e1ra 1906-ban ker\u00fclt sor. Els\u0151 magyar ford\u00edt\u00e1s\u00e1t B\u00e1lint Lajos k\u00e9sz\u00edtette. A t\u00f6rt\u00e9net Szent Iv\u00e1n \u00e9jjel\u00e9n j\u00e1tsz\u00f3dik a gr\u00f3f konyh\u00e1j\u00e1ban. [&#8230;]","protected":false},"author":1,"featured_media":620,"comment_status":"closed","ping_status":"closed","sticky":false,"template":"","format":"standard","meta":{"footnotes":""},"categories":[34],"tags":[],"class_list":["post-619","post","type-post","status-publish","format-standard","has-post-thumbnail","hentry","category-sajtomegjelenes"],"yoast_head":"<!-- This site is optimized with the Yoast SEO plugin v27.5 - https:\/\/yoast.com\/product\/yoast-seo-wordpress\/ -->\n<title>Verg\u0151d\u0151 szerelem Szent Iv\u00e1n \u00e9jjel\u00e9n - Cervinus Te\u00e1trum<\/title>\n<meta name=\"robots\" content=\"index, follow, max-snippet:-1, max-image-preview:large, max-video-preview:-1\" \/>\n<link rel=\"canonical\" href=\"https:\/\/cervinusteatrum.hu\/sk\/vergodo-szerelem-szent-ivan-ejjelen\/\" \/>\n<meta property=\"og:locale\" content=\"sk_SK\" \/>\n<meta property=\"og:type\" content=\"article\" \/>\n<meta property=\"og:title\" content=\"Verg\u0151d\u0151 szerelem Szent Iv\u00e1n \u00e9jjel\u00e9n - Cervinus Te\u00e1trum\" \/>\n<meta property=\"og:description\" content=\"Vas\u00e1rnap d\u00e9lut\u00e1n a\u00a0Cervinus T\u00e1trumban\u00a0ism\u00e9t felolvas\u00f3sz\u00ednh\u00e1z v\u00e1rta k\u00f6z\u00f6ns\u00e9g\u00e9t. Ez\u00fattal August Strindberg Julie kisasszony c\u00edm\u0171 naturalista szomor\u00faj\u00e1t\u00e9k\u00e1t v\u00e1lasztotta D\u00f3sa Zsuzsa rendez\u0151. Johan August Strindberg (1849-1912) sv\u00e9d dr\u00e1ma-, reg\u00e9ny- \u00e9s elbesz\u00e9l\u00e9s\u00edr\u00f3, fest\u0151. J\u00falia kisasszony c\u00edm\u0171 m\u0171v\u00e9t 1888-ban \u00edrta. Sv\u00e9dorsz\u00e1gi bemutat\u00f3j\u00e1ra 1906-ban ker\u00fclt sor. Els\u0151 magyar ford\u00edt\u00e1s\u00e1t B\u00e1lint Lajos k\u00e9sz\u00edtette. A t\u00f6rt\u00e9net Szent Iv\u00e1n \u00e9jjel\u00e9n j\u00e1tsz\u00f3dik a gr\u00f3f konyh\u00e1j\u00e1ban. [...]\" \/>\n<meta property=\"og:url\" content=\"https:\/\/cervinusteatrum.hu\/sk\/vergodo-szerelem-szent-ivan-ejjelen\/\" \/>\n<meta property=\"og:site_name\" content=\"Cervinus Te\u00e1trum\" \/>\n<meta property=\"article:publisher\" content=\"https:\/\/www.facebook.com\/cervinusteatrumhu\" \/>\n<meta property=\"article:published_time\" content=\"2022-03-22T08:00:23+00:00\" \/>\n<meta property=\"article:modified_time\" content=\"2022-07-19T13:56:12+00:00\" \/>\n<meta property=\"og:image\" content=\"https:\/\/cervinusteatrum.hu\/wp-content\/uploads\/2022\/03\/20220220-DSC_0291.jpg\" \/>\n\t<meta property=\"og:image:width\" content=\"1623\" \/>\n\t<meta property=\"og:image:height\" content=\"1080\" \/>\n\t<meta property=\"og:image:type\" content=\"image\/jpeg\" \/>\n<meta name=\"author\" content=\"wexo\" \/>\n<meta name=\"twitter:card\" content=\"summary_large_image\" \/>\n<meta name=\"twitter:label1\" content=\"Autor\" \/>\n\t<meta name=\"twitter:data1\" content=\"wexo\" \/>\n\t<meta name=\"twitter:label2\" content=\"Predpokladan\u00fd \u010das \u010d\u00edtania\" \/>\n\t<meta name=\"twitter:data2\" content=\"4 min\u00faty\" \/>\n<script type=\"application\/ld+json\" class=\"yoast-schema-graph\">{\"@context\":\"https:\\\/\\\/schema.org\",\"@graph\":[{\"@type\":\"Article\",\"@id\":\"https:\\\/\\\/cervinusteatrum.hu\\\/vergodo-szerelem-szent-ivan-ejjelen\\\/#article\",\"isPartOf\":{\"@id\":\"https:\\\/\\\/cervinusteatrum.hu\\\/vergodo-szerelem-szent-ivan-ejjelen\\\/\"},\"author\":{\"name\":\"wexo\",\"@id\":\"https:\\\/\\\/cervinusteatrum.hu\\\/#\\\/schema\\\/person\\\/a4a47b590a6e1681a72b6c3c508f33de\"},\"headline\":\"Verg\u0151d\u0151 szerelem Szent Iv\u00e1n \u00e9jjel\u00e9n\",\"datePublished\":\"2022-03-22T08:00:23+00:00\",\"dateModified\":\"2022-07-19T13:56:12+00:00\",\"mainEntityOfPage\":{\"@id\":\"https:\\\/\\\/cervinusteatrum.hu\\\/vergodo-szerelem-szent-ivan-ejjelen\\\/\"},\"wordCount\":708,\"publisher\":{\"@id\":\"https:\\\/\\\/cervinusteatrum.hu\\\/#organization\"},\"image\":{\"@id\":\"https:\\\/\\\/cervinusteatrum.hu\\\/vergodo-szerelem-szent-ivan-ejjelen\\\/#primaryimage\"},\"thumbnailUrl\":\"https:\\\/\\\/cervinusteatrum.hu\\\/wp-content\\\/uploads\\\/2022\\\/03\\\/20220220-DSC_0291.jpg\",\"articleSection\":[\"Sajt\u00f3megjelen\u00e9s\"],\"inLanguage\":\"sk-SK\"},{\"@type\":\"WebPage\",\"@id\":\"https:\\\/\\\/cervinusteatrum.hu\\\/vergodo-szerelem-szent-ivan-ejjelen\\\/\",\"url\":\"https:\\\/\\\/cervinusteatrum.hu\\\/vergodo-szerelem-szent-ivan-ejjelen\\\/\",\"name\":\"Verg\u0151d\u0151 szerelem Szent Iv\u00e1n \u00e9jjel\u00e9n - Cervinus Te\u00e1trum\",\"isPartOf\":{\"@id\":\"https:\\\/\\\/cervinusteatrum.hu\\\/#website\"},\"primaryImageOfPage\":{\"@id\":\"https:\\\/\\\/cervinusteatrum.hu\\\/vergodo-szerelem-szent-ivan-ejjelen\\\/#primaryimage\"},\"image\":{\"@id\":\"https:\\\/\\\/cervinusteatrum.hu\\\/vergodo-szerelem-szent-ivan-ejjelen\\\/#primaryimage\"},\"thumbnailUrl\":\"https:\\\/\\\/cervinusteatrum.hu\\\/wp-content\\\/uploads\\\/2022\\\/03\\\/20220220-DSC_0291.jpg\",\"datePublished\":\"2022-03-22T08:00:23+00:00\",\"dateModified\":\"2022-07-19T13:56:12+00:00\",\"breadcrumb\":{\"@id\":\"https:\\\/\\\/cervinusteatrum.hu\\\/vergodo-szerelem-szent-ivan-ejjelen\\\/#breadcrumb\"},\"inLanguage\":\"sk-SK\",\"potentialAction\":[{\"@type\":\"ReadAction\",\"target\":[\"https:\\\/\\\/cervinusteatrum.hu\\\/vergodo-szerelem-szent-ivan-ejjelen\\\/\"]}]},{\"@type\":\"ImageObject\",\"inLanguage\":\"sk-SK\",\"@id\":\"https:\\\/\\\/cervinusteatrum.hu\\\/vergodo-szerelem-szent-ivan-ejjelen\\\/#primaryimage\",\"url\":\"https:\\\/\\\/cervinusteatrum.hu\\\/wp-content\\\/uploads\\\/2022\\\/03\\\/20220220-DSC_0291.jpg\",\"contentUrl\":\"https:\\\/\\\/cervinusteatrum.hu\\\/wp-content\\\/uploads\\\/2022\\\/03\\\/20220220-DSC_0291.jpg\",\"width\":1623,\"height\":1080},{\"@type\":\"BreadcrumbList\",\"@id\":\"https:\\\/\\\/cervinusteatrum.hu\\\/vergodo-szerelem-szent-ivan-ejjelen\\\/#breadcrumb\",\"itemListElement\":[{\"@type\":\"ListItem\",\"position\":1,\"name\":\"Kezd\u0151lap\",\"item\":\"https:\\\/\\\/cervinusteatrum.hu\\\/\"},{\"@type\":\"ListItem\",\"position\":2,\"name\":\"Verg\u0151d\u0151 szerelem Szent Iv\u00e1n \u00e9jjel\u00e9n\"}]},{\"@type\":\"WebSite\",\"@id\":\"https:\\\/\\\/cervinusteatrum.hu\\\/#website\",\"url\":\"https:\\\/\\\/cervinusteatrum.hu\\\/\",\"name\":\"Cervinus Te\u00e1trum\",\"description\":\"\",\"publisher\":{\"@id\":\"https:\\\/\\\/cervinusteatrum.hu\\\/#organization\"},\"potentialAction\":[{\"@type\":\"SearchAction\",\"target\":{\"@type\":\"EntryPoint\",\"urlTemplate\":\"https:\\\/\\\/cervinusteatrum.hu\\\/?s={search_term_string}\"},\"query-input\":{\"@type\":\"PropertyValueSpecification\",\"valueRequired\":true,\"valueName\":\"search_term_string\"}}],\"inLanguage\":\"sk-SK\"},{\"@type\":\"Organization\",\"@id\":\"https:\\\/\\\/cervinusteatrum.hu\\\/#organization\",\"name\":\"Cervinus Te\u00e1trum\",\"url\":\"https:\\\/\\\/cervinusteatrum.hu\\\/\",\"logo\":{\"@type\":\"ImageObject\",\"inLanguage\":\"sk-SK\",\"@id\":\"https:\\\/\\\/cervinusteatrum.hu\\\/#\\\/schema\\\/logo\\\/image\\\/\",\"url\":\"https:\\\/\\\/cervinusteatrum.hu\\\/wp-content\\\/uploads\\\/2022\\\/03\\\/cervinus.png\",\"contentUrl\":\"https:\\\/\\\/cervinusteatrum.hu\\\/wp-content\\\/uploads\\\/2022\\\/03\\\/cervinus.png\",\"width\":819,\"height\":960,\"caption\":\"Cervinus Te\u00e1trum\"},\"image\":{\"@id\":\"https:\\\/\\\/cervinusteatrum.hu\\\/#\\\/schema\\\/logo\\\/image\\\/\"},\"sameAs\":[\"https:\\\/\\\/www.facebook.com\\\/cervinusteatrumhu\"]},{\"@type\":\"Person\",\"@id\":\"https:\\\/\\\/cervinusteatrum.hu\\\/#\\\/schema\\\/person\\\/a4a47b590a6e1681a72b6c3c508f33de\",\"name\":\"wexo\",\"image\":{\"@type\":\"ImageObject\",\"inLanguage\":\"sk-SK\",\"@id\":\"https:\\\/\\\/secure.gravatar.com\\\/avatar\\\/3736053a7c0149b09cf3451932c5a9e7a4dcb7ebf875ff43b8ba2d9e5d3157c3?s=96&d=mm&r=g\",\"url\":\"https:\\\/\\\/secure.gravatar.com\\\/avatar\\\/3736053a7c0149b09cf3451932c5a9e7a4dcb7ebf875ff43b8ba2d9e5d3157c3?s=96&d=mm&r=g\",\"contentUrl\":\"https:\\\/\\\/secure.gravatar.com\\\/avatar\\\/3736053a7c0149b09cf3451932c5a9e7a4dcb7ebf875ff43b8ba2d9e5d3157c3?s=96&d=mm&r=g\",\"caption\":\"wexo\"},\"sameAs\":[\"http:\\\/\\\/cervinus.wexo.hu\"],\"url\":\"https:\\\/\\\/cervinusteatrum.hu\\\/sk\\\/author\\\/wexo\\\/\"}]}<\/script>\n<!-- \/ Yoast SEO plugin. -->","yoast_head_json":{"title":"Verg\u0151d\u0151 szerelem Szent Iv\u00e1n \u00e9jjel\u00e9n - Cervinus Te\u00e1trum","robots":{"index":"index","follow":"follow","max-snippet":"max-snippet:-1","max-image-preview":"max-image-preview:large","max-video-preview":"max-video-preview:-1"},"canonical":"https:\/\/cervinusteatrum.hu\/sk\/vergodo-szerelem-szent-ivan-ejjelen\/","og_locale":"sk_SK","og_type":"article","og_title":"Verg\u0151d\u0151 szerelem Szent Iv\u00e1n \u00e9jjel\u00e9n - Cervinus Te\u00e1trum","og_description":"Vas\u00e1rnap d\u00e9lut\u00e1n a\u00a0Cervinus T\u00e1trumban\u00a0ism\u00e9t felolvas\u00f3sz\u00ednh\u00e1z v\u00e1rta k\u00f6z\u00f6ns\u00e9g\u00e9t. Ez\u00fattal August Strindberg Julie kisasszony c\u00edm\u0171 naturalista szomor\u00faj\u00e1t\u00e9k\u00e1t v\u00e1lasztotta D\u00f3sa Zsuzsa rendez\u0151. Johan August Strindberg (1849-1912) sv\u00e9d dr\u00e1ma-, reg\u00e9ny- \u00e9s elbesz\u00e9l\u00e9s\u00edr\u00f3, fest\u0151. J\u00falia kisasszony c\u00edm\u0171 m\u0171v\u00e9t 1888-ban \u00edrta. Sv\u00e9dorsz\u00e1gi bemutat\u00f3j\u00e1ra 1906-ban ker\u00fclt sor. Els\u0151 magyar ford\u00edt\u00e1s\u00e1t B\u00e1lint Lajos k\u00e9sz\u00edtette. A t\u00f6rt\u00e9net Szent Iv\u00e1n \u00e9jjel\u00e9n j\u00e1tsz\u00f3dik a gr\u00f3f konyh\u00e1j\u00e1ban. [...]","og_url":"https:\/\/cervinusteatrum.hu\/sk\/vergodo-szerelem-szent-ivan-ejjelen\/","og_site_name":"Cervinus Te\u00e1trum","article_publisher":"https:\/\/www.facebook.com\/cervinusteatrumhu","article_published_time":"2022-03-22T08:00:23+00:00","article_modified_time":"2022-07-19T13:56:12+00:00","og_image":[{"width":1623,"height":1080,"url":"https:\/\/cervinusteatrum.hu\/wp-content\/uploads\/2022\/03\/20220220-DSC_0291.jpg","type":"image\/jpeg"}],"author":"wexo","twitter_card":"summary_large_image","twitter_misc":{"Autor":"wexo","Predpokladan\u00fd \u010das \u010d\u00edtania":"4 min\u00faty"},"schema":{"@context":"https:\/\/schema.org","@graph":[{"@type":"Article","@id":"https:\/\/cervinusteatrum.hu\/vergodo-szerelem-szent-ivan-ejjelen\/#article","isPartOf":{"@id":"https:\/\/cervinusteatrum.hu\/vergodo-szerelem-szent-ivan-ejjelen\/"},"author":{"name":"wexo","@id":"https:\/\/cervinusteatrum.hu\/#\/schema\/person\/a4a47b590a6e1681a72b6c3c508f33de"},"headline":"Verg\u0151d\u0151 szerelem Szent Iv\u00e1n \u00e9jjel\u00e9n","datePublished":"2022-03-22T08:00:23+00:00","dateModified":"2022-07-19T13:56:12+00:00","mainEntityOfPage":{"@id":"https:\/\/cervinusteatrum.hu\/vergodo-szerelem-szent-ivan-ejjelen\/"},"wordCount":708,"publisher":{"@id":"https:\/\/cervinusteatrum.hu\/#organization"},"image":{"@id":"https:\/\/cervinusteatrum.hu\/vergodo-szerelem-szent-ivan-ejjelen\/#primaryimage"},"thumbnailUrl":"https:\/\/cervinusteatrum.hu\/wp-content\/uploads\/2022\/03\/20220220-DSC_0291.jpg","articleSection":["Sajt\u00f3megjelen\u00e9s"],"inLanguage":"sk-SK"},{"@type":"WebPage","@id":"https:\/\/cervinusteatrum.hu\/vergodo-szerelem-szent-ivan-ejjelen\/","url":"https:\/\/cervinusteatrum.hu\/vergodo-szerelem-szent-ivan-ejjelen\/","name":"Verg\u0151d\u0151 szerelem Szent Iv\u00e1n \u00e9jjel\u00e9n - Cervinus Te\u00e1trum","isPartOf":{"@id":"https:\/\/cervinusteatrum.hu\/#website"},"primaryImageOfPage":{"@id":"https:\/\/cervinusteatrum.hu\/vergodo-szerelem-szent-ivan-ejjelen\/#primaryimage"},"image":{"@id":"https:\/\/cervinusteatrum.hu\/vergodo-szerelem-szent-ivan-ejjelen\/#primaryimage"},"thumbnailUrl":"https:\/\/cervinusteatrum.hu\/wp-content\/uploads\/2022\/03\/20220220-DSC_0291.jpg","datePublished":"2022-03-22T08:00:23+00:00","dateModified":"2022-07-19T13:56:12+00:00","breadcrumb":{"@id":"https:\/\/cervinusteatrum.hu\/vergodo-szerelem-szent-ivan-ejjelen\/#breadcrumb"},"inLanguage":"sk-SK","potentialAction":[{"@type":"ReadAction","target":["https:\/\/cervinusteatrum.hu\/vergodo-szerelem-szent-ivan-ejjelen\/"]}]},{"@type":"ImageObject","inLanguage":"sk-SK","@id":"https:\/\/cervinusteatrum.hu\/vergodo-szerelem-szent-ivan-ejjelen\/#primaryimage","url":"https:\/\/cervinusteatrum.hu\/wp-content\/uploads\/2022\/03\/20220220-DSC_0291.jpg","contentUrl":"https:\/\/cervinusteatrum.hu\/wp-content\/uploads\/2022\/03\/20220220-DSC_0291.jpg","width":1623,"height":1080},{"@type":"BreadcrumbList","@id":"https:\/\/cervinusteatrum.hu\/vergodo-szerelem-szent-ivan-ejjelen\/#breadcrumb","itemListElement":[{"@type":"ListItem","position":1,"name":"Kezd\u0151lap","item":"https:\/\/cervinusteatrum.hu\/"},{"@type":"ListItem","position":2,"name":"Verg\u0151d\u0151 szerelem Szent Iv\u00e1n \u00e9jjel\u00e9n"}]},{"@type":"WebSite","@id":"https:\/\/cervinusteatrum.hu\/#website","url":"https:\/\/cervinusteatrum.hu\/","name":"Cervinus Te\u00e1trum","description":"","publisher":{"@id":"https:\/\/cervinusteatrum.hu\/#organization"},"potentialAction":[{"@type":"SearchAction","target":{"@type":"EntryPoint","urlTemplate":"https:\/\/cervinusteatrum.hu\/?s={search_term_string}"},"query-input":{"@type":"PropertyValueSpecification","valueRequired":true,"valueName":"search_term_string"}}],"inLanguage":"sk-SK"},{"@type":"Organization","@id":"https:\/\/cervinusteatrum.hu\/#organization","name":"Cervinus Te\u00e1trum","url":"https:\/\/cervinusteatrum.hu\/","logo":{"@type":"ImageObject","inLanguage":"sk-SK","@id":"https:\/\/cervinusteatrum.hu\/#\/schema\/logo\/image\/","url":"https:\/\/cervinusteatrum.hu\/wp-content\/uploads\/2022\/03\/cervinus.png","contentUrl":"https:\/\/cervinusteatrum.hu\/wp-content\/uploads\/2022\/03\/cervinus.png","width":819,"height":960,"caption":"Cervinus Te\u00e1trum"},"image":{"@id":"https:\/\/cervinusteatrum.hu\/#\/schema\/logo\/image\/"},"sameAs":["https:\/\/www.facebook.com\/cervinusteatrumhu"]},{"@type":"Person","@id":"https:\/\/cervinusteatrum.hu\/#\/schema\/person\/a4a47b590a6e1681a72b6c3c508f33de","name":"wexo","image":{"@type":"ImageObject","inLanguage":"sk-SK","@id":"https:\/\/secure.gravatar.com\/avatar\/3736053a7c0149b09cf3451932c5a9e7a4dcb7ebf875ff43b8ba2d9e5d3157c3?s=96&d=mm&r=g","url":"https:\/\/secure.gravatar.com\/avatar\/3736053a7c0149b09cf3451932c5a9e7a4dcb7ebf875ff43b8ba2d9e5d3157c3?s=96&d=mm&r=g","contentUrl":"https:\/\/secure.gravatar.com\/avatar\/3736053a7c0149b09cf3451932c5a9e7a4dcb7ebf875ff43b8ba2d9e5d3157c3?s=96&d=mm&r=g","caption":"wexo"},"sameAs":["http:\/\/cervinus.wexo.hu"],"url":"https:\/\/cervinusteatrum.hu\/sk\/author\/wexo\/"}]}},"_links":{"self":[{"href":"https:\/\/cervinusteatrum.hu\/sk\/wp-json\/wp\/v2\/posts\/619","targetHints":{"allow":["GET"]}}],"collection":[{"href":"https:\/\/cervinusteatrum.hu\/sk\/wp-json\/wp\/v2\/posts"}],"about":[{"href":"https:\/\/cervinusteatrum.hu\/sk\/wp-json\/wp\/v2\/types\/post"}],"author":[{"embeddable":true,"href":"https:\/\/cervinusteatrum.hu\/sk\/wp-json\/wp\/v2\/users\/1"}],"replies":[{"embeddable":true,"href":"https:\/\/cervinusteatrum.hu\/sk\/wp-json\/wp\/v2\/comments?post=619"}],"version-history":[{"count":1,"href":"https:\/\/cervinusteatrum.hu\/sk\/wp-json\/wp\/v2\/posts\/619\/revisions"}],"predecessor-version":[{"id":621,"href":"https:\/\/cervinusteatrum.hu\/sk\/wp-json\/wp\/v2\/posts\/619\/revisions\/621"}],"wp:featuredmedia":[{"embeddable":true,"href":"https:\/\/cervinusteatrum.hu\/sk\/wp-json\/wp\/v2\/media\/620"}],"wp:attachment":[{"href":"https:\/\/cervinusteatrum.hu\/sk\/wp-json\/wp\/v2\/media?parent=619"}],"wp:term":[{"taxonomy":"category","embeddable":true,"href":"https:\/\/cervinusteatrum.hu\/sk\/wp-json\/wp\/v2\/categories?post=619"},{"taxonomy":"post_tag","embeddable":true,"href":"https:\/\/cervinusteatrum.hu\/sk\/wp-json\/wp\/v2\/tags?post=619"}],"curies":[{"name":"wp","href":"https:\/\/api.w.org\/{rel}","templated":true}]}}