{"id":1569,"date":"2024-01-24T13:14:03","date_gmt":"2024-01-24T13:14:03","guid":{"rendered":"https:\/\/cervinusteatrum.hu\/?p=1569"},"modified":"2024-01-24T13:14:06","modified_gmt":"2024-01-24T13:14:06","slug":"a-meseauto-alomvilagatol-a-kezdjetek-el-elni-kivansagaig","status":"publish","type":"post","link":"https:\/\/cervinusteatrum.hu\/sk\/a-meseauto-alomvilagatol-a-kezdjetek-el-elni-kivansagaig\/","title":{"rendered":"A Meseaut\u00f3 \u00e1lomvil\u00e1g\u00e1t\u00f3l a Kezdjetek el \u00e9lni k\u00edv\u00e1ns\u00e1g\u00e1ig"},"content":{"rendered":"<p>Szombaton este a Magyar Kult\u00fara Napja tisztelet\u00e9re \u2013 amely h\u00e9tf\u0151n lesz \u2013 a Cervinus Te\u00e1trum zen\u00e9s utaz\u00e1sra h\u00edvta a n\u00e9z\u0151ket <a href=\"https:\/\/www.newjsag.hu\/tag\/100-eves-utazas\/\">100 \u00e9ves utaz\u00e1s<\/a> c\u00edmmel.<\/p>\n\n\n\n<p>Dr. D\u00f3sa Zsuzsa k\u00f6sz\u00f6nt\u00f6tte a n\u00e9z\u0151ket \u00e9s elmondta, hogy m\u00e1r a h\u00e9tv\u00e9g\u00e9n orsz\u00e1gszerte \u00fcnnep van, a magyar kult\u00fara napja. A <a href=\"https:\/\/www.newjsag.hu\/tag\/cervinus-teaatrum\/\">Cervinus Te\u00e1trum<\/a> \u00fcnnepi produkci\u00f3ja a zene nyelv\u00e9n ad saj\u00e1tos r\u00e1l\u00e1t\u00e1st arra, hogy mi hogyan hatunk a vil\u00e1gra \u00e9s vil\u00e1g hogyan hat r\u00e1nk. Dr. Melis J\u00e1nos c\u00edmzetes f\u0151jegyz\u0151 r\u00f6vid \u00fcnnepi besz\u00e9d\u00e9ben szint\u00e9n a magyars\u00e1g kult\u00far\u00e1j\u00e1nak fontoss\u00e1g\u00e1t hangs\u00falyozta, amit Szarvason a pedag\u00f3gusok \u00e9s a Cervinus Te\u00e1trum hitelesen tud \u00e1tadni, hogy meg\u0151rizz\u00fck ezt a k\u00f6z\u00f6s kincs\u00fcnket.<\/p>\n\n\n\n<p>Az 1920-as \u00e9vekt\u0151l utaztunk a zene \u00e9s a t\u00e1nc sz\u00e1rny\u00e1n. A Te\u00e1trum kiadott anyaga szerint: \u201eVan a Cervinus Te\u00e1trumban egy Titokzatos Sz\u00e1lloda, mely var\u00e1zslattal cs\u00e1b\u00edt. Itt 100 perc alatt 100 \u00e9vet \u00e9lhet\u00fcnk \u00e1t, de csak az lehet a vend\u00e9ge, aki Meseaut\u00f3n \u00e9rkezik \u00e9s Shimmyt t\u00e1ncol. B\u00e1r lehet szomor\u00fa a vas\u00e1rnap, de mindig az a perc a legszebb perc, mit meg nem \u00e1d az \u00e9let. Ak\u00e1r Cint\u00e1ny\u00e9ros cudar a vil\u00e1g, vagy rongyos az \u00e9let, lesz m\u00e9g sz\u0151l\u0151, lesz m\u00e9g l\u00e1gy keny\u00e9r. Sokszor csak egy t\u00e1nc volt, de akkor sem leszek a j\u00e1t\u00e9kszered, mert tudni kell \u00c1d\u00e1m hol vagy, \u00e9s b\u00e1r citrom\u00edz\u0171 a ban\u00e1n, mindenkinek van egy \u00e1lma legal\u00e1bb holnap hajnalig. Akkor azt\u00e1n sz\u00e1llj fel szabad mad\u00e1r, j\u00f6jjenek azok a boldog sz\u00e9p napok \u00e9s egy nagy utaz\u00e1s. Egy vid\u00e9ki l\u00e1ny sem v\u00e1rhat holnapig, s b\u00e1r m\u00e9g f\u00e1j minden cs\u00f3k, mindenki el\u0151vesz a csomagj\u00e1b\u00f3l m\u00e9g egy eml\u00e9ket, sl\u00e1gert, \u00fczenetet, t\u00f6rt\u00e9netet, mert zene n\u00e9lk\u00fcl mit \u00e9rek \u00e9n\u2026\u201d<\/p>\n\n\n\n<p>A k\u00f6zel \u00f6tven dal, vagy dalr\u00e9szlet apr\u00f3 t\u00f6rt\u00e9netetekben mes\u00e9l t\u00e1voli \u00e9s k\u00f6zeli m\u00faltr\u00f3l \u00e9s jelenr\u0151l. D\u00f6bbenetesen j\u00f3, \u00faj st\u00edlus\u00fa el\u0151ad\u00e1st l\u00e1ttunk a Cervinus Te\u00e1trumban, ahol t\u00edz sz\u00edn\u00e9sz szinte \u00e1lland\u00f3 sz\u00ednpadi jelenl\u00e9ttel, sok-sok \u00e1tv\u00e1ltoz\u00e1ssal, lend\u00fcletes, l\u00e9legzetel\u00e1ll\u00edt\u00f3 el\u0151ad\u00e1ssal mutatta meg t\u00f6rt\u00e9nelm\u00fcnk esem\u00e9nyeit. Mind zenei \u00f6ssze\u00e1ll\u00edt\u00e1sban, mind szitu\u00e1ci\u00f3kban, sz\u00ednpadi mozg\u00e1sban, t\u00e1ncban, j\u00e1t\u00e9kban, l\u00e1tv\u00e1nyban var\u00e1zsolt\u00e1k el a k\u00f6z\u00f6ns\u00e9get \u00e9s mindenki n\u00e9zte volna tov\u00e1bb \u2013 \u00e9s tov\u00e1bb.<\/p>\n\n\n\n<p>Hatalmas, kirobban\u00f3 sikerrel mutatkozott be az el\u0151ad\u00e1s, amit \u00e9ppen az\u00e9rt hoztak l\u00e9tre, hogy ez alkalommal ne egy m\u00fal\u00e9kony g\u00e1l\u00e1val \u00fcnnepeljenek (annak is megvan a maga var\u00e1zsa, sz\u00e9ps\u00e9ge, csod\u00e1i), hanem egy olyan maradand\u00f3 el\u0151ad\u00e1ssal k\u00e9sz\u00fcltek, amely sok\u00e1ig aktu\u00e1lis marad. Az alkot\u00f3k \u00e9s a sz\u00edn\u00e9szek teljes\u00edtm\u00e9nye brili\u00e1ns!!! Hiszen 80-90 percen kereszt\u00fcl sz\u00ednpadon lenni, \u00e9nekelni, t\u00e1ncolni, jelenetekben r\u00e9sz venni, k\u00f6zben t\u00f6bbsz\u00f6r \u00e1t\u00f6lt\u00f6zni nagy teljes\u00edtm\u00e9ny! Sok munka van az el\u0151ad\u00e1sban, ez \u00e9rezhet\u0151 volt, de a sz\u00edn\u00e9szek olyan \u00f6nfeledten \u201ej\u00e1tszottak\u201d, \u00edgy ezek kever\u00e9k\u00e9t\u0151l sz\u00fcletett egy nagyon ig\u00e9nyes, n\u00e9ha nagyon meghat\u00f3, n\u00e9ha vid\u00e1m, \u00f6sszess\u00e9g\u00e9ben egy csod\u00e1latos el\u0151ad\u00e1s. A k\u00f6nnyeket el\u0151csalogat\u00f3 jelenetek nagyon finoman, de nagyon hat\u00e1rozottan mutatt\u00e1k meg t\u00f6rt\u00e9nelm\u00fcnk s\u00f6t\u00e9t oldal\u00e1t is.<\/p>\n\n\n\n<p>A Cervinus Te\u00e1trum sz\u00edn\u00e9szei, akik k\u00f6zvet\u00edtett\u00e9k a bor\u00fas \u00e9s der\u0171s perceket, akik sz\u00edve, lelke benne volt az el\u0151ad\u00e1sban: Borony\u00e1k Gergely, Enyingi Zs\u00f3fia, Karap Di\u00e1nna, Kiss Vikt\u00f3ria, Papp Csaba, Rag\u00e1ny Misa, Sz\u00e1sz Borisz, Tat\u00e1r Bianka, Timk\u00f3 J\u00e1nos \u00e9s Vanya T\u00edmea minden elismer\u00e9st meg\u00e9rdemelnek, mert \u00e9rz\u00e9kenys\u00e9g\u00fckkel, tehets\u00e9g\u00fckkel, sz\u00edn\u00e9szi tud\u00e1sukkal var\u00e1zsoltak a sz\u00ednpadon. A zen\u00e9s j\u00e1t\u00e9k utols\u00f3 dala nem is lehetett m\u00e1s, mint a Zene n\u00e9lk\u00fcl mit \u00e9rek \u00e9n. De ezut\u00e1n j\u00f6tt a meglepet\u00e9s, mert a meghajl\u00e1s \u00e9s hatalmas taps k\u00f6zben halkan \u00fajra \u00e9nekelni kezdtek a sz\u00edn\u00e9szek. A r\u00e1ad\u00e1s egy Qumby dal, a M\u00e1rti dala, ami m\u00e1r a j\u00f6v\u0151 fel\u00e9 mutat, \u00e9s j\u00f3val a k\u00e9tezredik \u00e9v ut\u00e1n (2012) sz\u00fcletett \u00e9s itt m\u00e1r pr\u00f3za is elhangzott, hiszen a dalnak van egy pr\u00f3za r\u00e9sze is.<\/p>\n\n\n\n<p>Nagyon j\u00f3 volt a l\u00e1tv\u00e1ny \u2013 a d\u00edszlet, a jelmez, a vizu\u00e1lis megjelen\u00edt\u00e9s, amely a hatalmas ledfalakon, vet\u00edt\u0151v\u00e1sznon szinte a sz\u00ednpad minden pontj\u00e1n megjelent. De volt egy jelenetben diszk\u00f3g\u00f6mb \u00e9s ehhez tartoz\u00f3 f\u00e9nyek is.<\/p>\n\n\n\n<p>A t\u00f6rt\u00e9netet alak\u00edt\u00f3 dalokat Tat\u00e1r Bianka v\u00e1logatta. A mozg\u00e1ssz\u00ednh\u00e1zi elemek Timk\u00f3 J\u00e1nos, a t\u00e1ncok koreogr\u00e1fi\u00e1i Tat\u00e1r Bianka, a hang Kiss L\u00e1szl\u00f3, a f\u00e9nyek Valach Vendel, a vizu\u00e1ltechnika Farkas Norbert munk\u00e1j\u00e1t dics\u00e9rik. Az alkot\u00f3k \u00e1ltal elk\u00e9pzelt d\u00edszletet \u00e9s jelmezt Salg\u00f3 Bal\u00e1zs \u00e9s Bal\u00e1zs Henrietta kivitelezt\u00e9k. Sz\u00ednpadra h\u00e1rman \u00e1ll\u00edtott\u00e1k: Tat\u00e1r Bianka \u00e9s Timk\u00f3 J\u00e1nos \u00e9s rendez\u0151k\u00e9nt D\u00f3sa Zsuzsa. K\u00f6sz\u00f6net az est\u00e9\u00e9rt a Cervinus Te\u00e1trum m\u0171v\u00e9szeinek \u00e9s st\u00e1bj\u00e1nak! Val\u00f3ban kiv\u00e9teles, kultur\u00e1lis \u00e9lm\u00e9ny volt az el\u0151ad\u00e1s!<\/p>\n\n\n\n<p>Egy kis r\u00e9szlet M\u00e1rti dal\u00e1b\u00f3l. Sz\u00f6veg: P\u00e1sztor Anna, P\u00e1sztor S\u00e1muel \u00e9s Kiss Tibor<\/p>\n\n\n\n<p>\u201eKezdjetek nevetni, csak semmi melodr\u00e1ma<br>Senki bele nem halt m\u00e9g kom\u00e9di\u00e1ba<br>Ripacsok, sz\u00edn\u00e9szek, az \u00e9let a ti\u00e9tek<br>Minek \u00f6lre menni, kezdjetek szeretni!<br>J\u00f3 n\u00e9ha s\u00f6t\u00e9tben a holdat n\u00e9zni,<br>hosszan egy t\u00e1voli csillagot ig\u00e9zni.<br>j\u00f3 n\u00e9ha f\u00e1zni, semmin elm\u00e9l\u00e1zni,<br>tavaszi es\u0151ben olykor b\u0151rig \u00e1zni,<br>tele sz\u00e1jjal enni, hangosan szeretni.<br>J\u00f3 n\u00e9ha magamat csak \u00fagy elnevetni,<br>s\u00edrni ha f\u00e1j, remegni ha f\u00e9lek,<br>olyan j\u00f3 n\u00e9ha \u00e9rezni, hogy \u00e9lek.<br>Kezdjetek el \u00e9lni, hogy ne kelljen f\u00e9lni<br>Az utols\u00f3 \u00f3r\u00e1ban, mikor m\u00e1r mindent megb\u00e1ntam<br>Ezerszer megb\u00e1ntam, oly sok\u00e1ig v\u00e1rtam<br>Hogy elm\u00falt az \u00e9let\u2026<br>\u2026kezdjetek el \u00e9lni!\u201d<\/p>\n\n\n\n<p>Galambos Edit<\/p>\n\n\n\n<p>A fot\u00f3kat Bab\u00e1k Zolt\u00e1n k\u00e9sz\u00edtette.<\/p>\n\n\n\n<blockquote class=\"wp-embedded-content\" data-secret=\"M4p5BMX9tB\"><a href=\"https:\/\/www.newjsag.hu\/2024\/01\/22\/a-meseauto-alomvilagatol-a-kezdjetek-el-elni-kivansagaig\/\">A Meseaut\u00f3 \u00e1lomvil\u00e1g\u00e1t\u00f3l a Kezdjetek el \u00e9lni k\u00edv\u00e1ns\u00e1g\u00e1ig<\/a><\/blockquote><iframe loading=\"lazy\" class=\"wp-embedded-content\" sandbox=\"allow-scripts\" security=\"restricted\" style=\"position: absolute; clip: rect(1px, 1px, 1px, 1px);\" title=\"&#8220;A Meseaut\u00f3 \u00e1lomvil\u00e1g\u00e1t\u00f3l a Kezdjetek el \u00e9lni k\u00edv\u00e1ns\u00e1g\u00e1ig&#8221; &#8212; Newjs\u00e1g\" src=\"https:\/\/www.newjsag.hu\/2024\/01\/22\/a-meseauto-alomvilagatol-a-kezdjetek-el-elni-kivansagaig\/embed\/#?secret=mubd9oi7HZ#?secret=M4p5BMX9tB\" data-secret=\"M4p5BMX9tB\" width=\"600\" height=\"338\" frameborder=\"0\" marginwidth=\"0\" marginheight=\"0\" scrolling=\"no\"><\/iframe>","protected":false},"excerpt":{"rendered":"<p>Szombaton este a Magyar Kult\u00fara Napja tisztelet\u00e9re \u2013 amely h\u00e9tf\u0151n lesz \u2013 a Cervinus Te\u00e1trum zen\u00e9s utaz\u00e1sra h\u00edvta a n\u00e9z\u0151ket 100 \u00e9ves utaz\u00e1s c\u00edmmel. Dr. D\u00f3sa Zsuzsa k\u00f6sz\u00f6nt\u00f6tte a n\u00e9z\u0151ket \u00e9s elmondta, hogy m\u00e1r a h\u00e9tv\u00e9g\u00e9n orsz\u00e1gszerte \u00fcnnep van, a magyar kult\u00fara napja. A Cervinus Te\u00e1trum \u00fcnnepi produkci\u00f3ja a zene nyelv\u00e9n ad saj\u00e1tos r\u00e1l\u00e1t\u00e1st arra, [&#8230;]","protected":false},"author":2,"featured_media":1570,"comment_status":"closed","ping_status":"closed","sticky":false,"template":"","format":"standard","meta":{"footnotes":""},"categories":[35],"tags":[],"class_list":["post-1569","post","type-post","status-publish","format-standard","has-post-thumbnail","hentry","category-hirek"],"yoast_head":"<!-- This site is optimized with the Yoast SEO plugin v27.5 - https:\/\/yoast.com\/product\/yoast-seo-wordpress\/ -->\n<title>A Meseaut\u00f3 \u00e1lomvil\u00e1g\u00e1t\u00f3l a Kezdjetek el \u00e9lni k\u00edv\u00e1ns\u00e1g\u00e1ig - Cervinus Te\u00e1trum<\/title>\n<meta name=\"robots\" content=\"index, follow, max-snippet:-1, max-image-preview:large, max-video-preview:-1\" \/>\n<link rel=\"canonical\" href=\"https:\/\/cervinusteatrum.hu\/sk\/a-meseauto-alomvilagatol-a-kezdjetek-el-elni-kivansagaig\/\" \/>\n<meta property=\"og:locale\" content=\"sk_SK\" \/>\n<meta property=\"og:type\" content=\"article\" \/>\n<meta property=\"og:title\" content=\"A Meseaut\u00f3 \u00e1lomvil\u00e1g\u00e1t\u00f3l a Kezdjetek el \u00e9lni k\u00edv\u00e1ns\u00e1g\u00e1ig - Cervinus Te\u00e1trum\" \/>\n<meta property=\"og:description\" content=\"Szombaton este a Magyar Kult\u00fara Napja tisztelet\u00e9re \u2013 amely h\u00e9tf\u0151n lesz \u2013 a Cervinus Te\u00e1trum zen\u00e9s utaz\u00e1sra h\u00edvta a n\u00e9z\u0151ket 100 \u00e9ves utaz\u00e1s c\u00edmmel. Dr. D\u00f3sa Zsuzsa k\u00f6sz\u00f6nt\u00f6tte a n\u00e9z\u0151ket \u00e9s elmondta, hogy m\u00e1r a h\u00e9tv\u00e9g\u00e9n orsz\u00e1gszerte \u00fcnnep van, a magyar kult\u00fara napja. A Cervinus Te\u00e1trum \u00fcnnepi produkci\u00f3ja a zene nyelv\u00e9n ad saj\u00e1tos r\u00e1l\u00e1t\u00e1st arra, [...]\" \/>\n<meta property=\"og:url\" content=\"https:\/\/cervinusteatrum.hu\/sk\/a-meseauto-alomvilagatol-a-kezdjetek-el-elni-kivansagaig\/\" \/>\n<meta property=\"og:site_name\" content=\"Cervinus Te\u00e1trum\" \/>\n<meta property=\"article:publisher\" content=\"https:\/\/www.facebook.com\/cervinusteatrumhu\" \/>\n<meta property=\"article:published_time\" content=\"2024-01-24T13:14:03+00:00\" \/>\n<meta property=\"article:modified_time\" content=\"2024-01-24T13:14:06+00:00\" \/>\n<meta property=\"og:image\" content=\"https:\/\/cervinusteatrum.hu\/wp-content\/uploads\/2024\/01\/20240119-DSC_1469-scaled.jpg\" \/>\n\t<meta property=\"og:image:width\" content=\"2560\" \/>\n\t<meta property=\"og:image:height\" content=\"1703\" \/>\n\t<meta property=\"og:image:type\" content=\"image\/jpeg\" \/>\n<meta name=\"author\" content=\"Szigeti Anna\" \/>\n<meta name=\"twitter:card\" content=\"summary_large_image\" \/>\n<meta name=\"twitter:label1\" content=\"Autor\" \/>\n\t<meta name=\"twitter:data1\" content=\"Szigeti Anna\" \/>\n\t<meta name=\"twitter:label2\" content=\"Predpokladan\u00fd \u010das \u010d\u00edtania\" \/>\n\t<meta name=\"twitter:data2\" content=\"5 min\u00fat\" \/>\n<script type=\"application\/ld+json\" class=\"yoast-schema-graph\">{\"@context\":\"https:\\\/\\\/schema.org\",\"@graph\":[{\"@type\":\"Article\",\"@id\":\"https:\\\/\\\/cervinusteatrum.hu\\\/a-meseauto-alomvilagatol-a-kezdjetek-el-elni-kivansagaig\\\/#article\",\"isPartOf\":{\"@id\":\"https:\\\/\\\/cervinusteatrum.hu\\\/a-meseauto-alomvilagatol-a-kezdjetek-el-elni-kivansagaig\\\/\"},\"author\":{\"name\":\"Szigeti Anna\",\"@id\":\"https:\\\/\\\/cervinusteatrum.hu\\\/#\\\/schema\\\/person\\\/f05e2eb6983137c2ecfca10c48a3f30e\"},\"headline\":\"A Meseaut\u00f3 \u00e1lomvil\u00e1g\u00e1t\u00f3l a Kezdjetek el \u00e9lni k\u00edv\u00e1ns\u00e1g\u00e1ig\",\"datePublished\":\"2024-01-24T13:14:03+00:00\",\"dateModified\":\"2024-01-24T13:14:06+00:00\",\"mainEntityOfPage\":{\"@id\":\"https:\\\/\\\/cervinusteatrum.hu\\\/a-meseauto-alomvilagatol-a-kezdjetek-el-elni-kivansagaig\\\/\"},\"wordCount\":1155,\"publisher\":{\"@id\":\"https:\\\/\\\/cervinusteatrum.hu\\\/#organization\"},\"image\":{\"@id\":\"https:\\\/\\\/cervinusteatrum.hu\\\/a-meseauto-alomvilagatol-a-kezdjetek-el-elni-kivansagaig\\\/#primaryimage\"},\"thumbnailUrl\":\"https:\\\/\\\/cervinusteatrum.hu\\\/wp-content\\\/uploads\\\/2024\\\/01\\\/20240119-DSC_1469-scaled.jpg\",\"articleSection\":[\"H\u00edrek\"],\"inLanguage\":\"sk-SK\"},{\"@type\":\"WebPage\",\"@id\":\"https:\\\/\\\/cervinusteatrum.hu\\\/a-meseauto-alomvilagatol-a-kezdjetek-el-elni-kivansagaig\\\/\",\"url\":\"https:\\\/\\\/cervinusteatrum.hu\\\/a-meseauto-alomvilagatol-a-kezdjetek-el-elni-kivansagaig\\\/\",\"name\":\"A Meseaut\u00f3 \u00e1lomvil\u00e1g\u00e1t\u00f3l a Kezdjetek el \u00e9lni k\u00edv\u00e1ns\u00e1g\u00e1ig - Cervinus Te\u00e1trum\",\"isPartOf\":{\"@id\":\"https:\\\/\\\/cervinusteatrum.hu\\\/#website\"},\"primaryImageOfPage\":{\"@id\":\"https:\\\/\\\/cervinusteatrum.hu\\\/a-meseauto-alomvilagatol-a-kezdjetek-el-elni-kivansagaig\\\/#primaryimage\"},\"image\":{\"@id\":\"https:\\\/\\\/cervinusteatrum.hu\\\/a-meseauto-alomvilagatol-a-kezdjetek-el-elni-kivansagaig\\\/#primaryimage\"},\"thumbnailUrl\":\"https:\\\/\\\/cervinusteatrum.hu\\\/wp-content\\\/uploads\\\/2024\\\/01\\\/20240119-DSC_1469-scaled.jpg\",\"datePublished\":\"2024-01-24T13:14:03+00:00\",\"dateModified\":\"2024-01-24T13:14:06+00:00\",\"breadcrumb\":{\"@id\":\"https:\\\/\\\/cervinusteatrum.hu\\\/a-meseauto-alomvilagatol-a-kezdjetek-el-elni-kivansagaig\\\/#breadcrumb\"},\"inLanguage\":\"sk-SK\",\"potentialAction\":[{\"@type\":\"ReadAction\",\"target\":[\"https:\\\/\\\/cervinusteatrum.hu\\\/a-meseauto-alomvilagatol-a-kezdjetek-el-elni-kivansagaig\\\/\"]}]},{\"@type\":\"ImageObject\",\"inLanguage\":\"sk-SK\",\"@id\":\"https:\\\/\\\/cervinusteatrum.hu\\\/a-meseauto-alomvilagatol-a-kezdjetek-el-elni-kivansagaig\\\/#primaryimage\",\"url\":\"https:\\\/\\\/cervinusteatrum.hu\\\/wp-content\\\/uploads\\\/2024\\\/01\\\/20240119-DSC_1469-scaled.jpg\",\"contentUrl\":\"https:\\\/\\\/cervinusteatrum.hu\\\/wp-content\\\/uploads\\\/2024\\\/01\\\/20240119-DSC_1469-scaled.jpg\",\"width\":2560,\"height\":1703},{\"@type\":\"BreadcrumbList\",\"@id\":\"https:\\\/\\\/cervinusteatrum.hu\\\/a-meseauto-alomvilagatol-a-kezdjetek-el-elni-kivansagaig\\\/#breadcrumb\",\"itemListElement\":[{\"@type\":\"ListItem\",\"position\":1,\"name\":\"Kezd\u0151lap\",\"item\":\"https:\\\/\\\/cervinusteatrum.hu\\\/\"},{\"@type\":\"ListItem\",\"position\":2,\"name\":\"A Meseaut\u00f3 \u00e1lomvil\u00e1g\u00e1t\u00f3l a Kezdjetek el \u00e9lni k\u00edv\u00e1ns\u00e1g\u00e1ig\"}]},{\"@type\":\"WebSite\",\"@id\":\"https:\\\/\\\/cervinusteatrum.hu\\\/#website\",\"url\":\"https:\\\/\\\/cervinusteatrum.hu\\\/\",\"name\":\"Cervinus Te\u00e1trum\",\"description\":\"\",\"publisher\":{\"@id\":\"https:\\\/\\\/cervinusteatrum.hu\\\/#organization\"},\"potentialAction\":[{\"@type\":\"SearchAction\",\"target\":{\"@type\":\"EntryPoint\",\"urlTemplate\":\"https:\\\/\\\/cervinusteatrum.hu\\\/?s={search_term_string}\"},\"query-input\":{\"@type\":\"PropertyValueSpecification\",\"valueRequired\":true,\"valueName\":\"search_term_string\"}}],\"inLanguage\":\"sk-SK\"},{\"@type\":\"Organization\",\"@id\":\"https:\\\/\\\/cervinusteatrum.hu\\\/#organization\",\"name\":\"Cervinus Te\u00e1trum\",\"url\":\"https:\\\/\\\/cervinusteatrum.hu\\\/\",\"logo\":{\"@type\":\"ImageObject\",\"inLanguage\":\"sk-SK\",\"@id\":\"https:\\\/\\\/cervinusteatrum.hu\\\/#\\\/schema\\\/logo\\\/image\\\/\",\"url\":\"https:\\\/\\\/cervinusteatrum.hu\\\/wp-content\\\/uploads\\\/2022\\\/03\\\/cervinus.png\",\"contentUrl\":\"https:\\\/\\\/cervinusteatrum.hu\\\/wp-content\\\/uploads\\\/2022\\\/03\\\/cervinus.png\",\"width\":819,\"height\":960,\"caption\":\"Cervinus Te\u00e1trum\"},\"image\":{\"@id\":\"https:\\\/\\\/cervinusteatrum.hu\\\/#\\\/schema\\\/logo\\\/image\\\/\"},\"sameAs\":[\"https:\\\/\\\/www.facebook.com\\\/cervinusteatrumhu\"]},{\"@type\":\"Person\",\"@id\":\"https:\\\/\\\/cervinusteatrum.hu\\\/#\\\/schema\\\/person\\\/f05e2eb6983137c2ecfca10c48a3f30e\",\"name\":\"Szigeti Anna\",\"image\":{\"@type\":\"ImageObject\",\"inLanguage\":\"sk-SK\",\"@id\":\"https:\\\/\\\/secure.gravatar.com\\\/avatar\\\/74ed1e815cb02261fb56b3061840103340e76f14b6aad2c328e9994b36b1e2eb?s=96&d=mm&r=g\",\"url\":\"https:\\\/\\\/secure.gravatar.com\\\/avatar\\\/74ed1e815cb02261fb56b3061840103340e76f14b6aad2c328e9994b36b1e2eb?s=96&d=mm&r=g\",\"contentUrl\":\"https:\\\/\\\/secure.gravatar.com\\\/avatar\\\/74ed1e815cb02261fb56b3061840103340e76f14b6aad2c328e9994b36b1e2eb?s=96&d=mm&r=g\",\"caption\":\"Szigeti Anna\"},\"url\":\"https:\\\/\\\/cervinusteatrum.hu\\\/sk\\\/author\\\/szigeti-anna\\\/\"}]}<\/script>\n<!-- \/ Yoast SEO plugin. -->","yoast_head_json":{"title":"A Meseaut\u00f3 \u00e1lomvil\u00e1g\u00e1t\u00f3l a Kezdjetek el \u00e9lni k\u00edv\u00e1ns\u00e1g\u00e1ig - Cervinus Te\u00e1trum","robots":{"index":"index","follow":"follow","max-snippet":"max-snippet:-1","max-image-preview":"max-image-preview:large","max-video-preview":"max-video-preview:-1"},"canonical":"https:\/\/cervinusteatrum.hu\/sk\/a-meseauto-alomvilagatol-a-kezdjetek-el-elni-kivansagaig\/","og_locale":"sk_SK","og_type":"article","og_title":"A Meseaut\u00f3 \u00e1lomvil\u00e1g\u00e1t\u00f3l a Kezdjetek el \u00e9lni k\u00edv\u00e1ns\u00e1g\u00e1ig - Cervinus Te\u00e1trum","og_description":"Szombaton este a Magyar Kult\u00fara Napja tisztelet\u00e9re \u2013 amely h\u00e9tf\u0151n lesz \u2013 a Cervinus Te\u00e1trum zen\u00e9s utaz\u00e1sra h\u00edvta a n\u00e9z\u0151ket 100 \u00e9ves utaz\u00e1s c\u00edmmel. Dr. D\u00f3sa Zsuzsa k\u00f6sz\u00f6nt\u00f6tte a n\u00e9z\u0151ket \u00e9s elmondta, hogy m\u00e1r a h\u00e9tv\u00e9g\u00e9n orsz\u00e1gszerte \u00fcnnep van, a magyar kult\u00fara napja. A Cervinus Te\u00e1trum \u00fcnnepi produkci\u00f3ja a zene nyelv\u00e9n ad saj\u00e1tos r\u00e1l\u00e1t\u00e1st arra, [...]","og_url":"https:\/\/cervinusteatrum.hu\/sk\/a-meseauto-alomvilagatol-a-kezdjetek-el-elni-kivansagaig\/","og_site_name":"Cervinus Te\u00e1trum","article_publisher":"https:\/\/www.facebook.com\/cervinusteatrumhu","article_published_time":"2024-01-24T13:14:03+00:00","article_modified_time":"2024-01-24T13:14:06+00:00","og_image":[{"width":2560,"height":1703,"url":"https:\/\/cervinusteatrum.hu\/wp-content\/uploads\/2024\/01\/20240119-DSC_1469-scaled.jpg","type":"image\/jpeg"}],"author":"Szigeti Anna","twitter_card":"summary_large_image","twitter_misc":{"Autor":"Szigeti Anna","Predpokladan\u00fd \u010das \u010d\u00edtania":"5 min\u00fat"},"schema":{"@context":"https:\/\/schema.org","@graph":[{"@type":"Article","@id":"https:\/\/cervinusteatrum.hu\/a-meseauto-alomvilagatol-a-kezdjetek-el-elni-kivansagaig\/#article","isPartOf":{"@id":"https:\/\/cervinusteatrum.hu\/a-meseauto-alomvilagatol-a-kezdjetek-el-elni-kivansagaig\/"},"author":{"name":"Szigeti Anna","@id":"https:\/\/cervinusteatrum.hu\/#\/schema\/person\/f05e2eb6983137c2ecfca10c48a3f30e"},"headline":"A Meseaut\u00f3 \u00e1lomvil\u00e1g\u00e1t\u00f3l a Kezdjetek el \u00e9lni k\u00edv\u00e1ns\u00e1g\u00e1ig","datePublished":"2024-01-24T13:14:03+00:00","dateModified":"2024-01-24T13:14:06+00:00","mainEntityOfPage":{"@id":"https:\/\/cervinusteatrum.hu\/a-meseauto-alomvilagatol-a-kezdjetek-el-elni-kivansagaig\/"},"wordCount":1155,"publisher":{"@id":"https:\/\/cervinusteatrum.hu\/#organization"},"image":{"@id":"https:\/\/cervinusteatrum.hu\/a-meseauto-alomvilagatol-a-kezdjetek-el-elni-kivansagaig\/#primaryimage"},"thumbnailUrl":"https:\/\/cervinusteatrum.hu\/wp-content\/uploads\/2024\/01\/20240119-DSC_1469-scaled.jpg","articleSection":["H\u00edrek"],"inLanguage":"sk-SK"},{"@type":"WebPage","@id":"https:\/\/cervinusteatrum.hu\/a-meseauto-alomvilagatol-a-kezdjetek-el-elni-kivansagaig\/","url":"https:\/\/cervinusteatrum.hu\/a-meseauto-alomvilagatol-a-kezdjetek-el-elni-kivansagaig\/","name":"A Meseaut\u00f3 \u00e1lomvil\u00e1g\u00e1t\u00f3l a Kezdjetek el \u00e9lni k\u00edv\u00e1ns\u00e1g\u00e1ig - Cervinus Te\u00e1trum","isPartOf":{"@id":"https:\/\/cervinusteatrum.hu\/#website"},"primaryImageOfPage":{"@id":"https:\/\/cervinusteatrum.hu\/a-meseauto-alomvilagatol-a-kezdjetek-el-elni-kivansagaig\/#primaryimage"},"image":{"@id":"https:\/\/cervinusteatrum.hu\/a-meseauto-alomvilagatol-a-kezdjetek-el-elni-kivansagaig\/#primaryimage"},"thumbnailUrl":"https:\/\/cervinusteatrum.hu\/wp-content\/uploads\/2024\/01\/20240119-DSC_1469-scaled.jpg","datePublished":"2024-01-24T13:14:03+00:00","dateModified":"2024-01-24T13:14:06+00:00","breadcrumb":{"@id":"https:\/\/cervinusteatrum.hu\/a-meseauto-alomvilagatol-a-kezdjetek-el-elni-kivansagaig\/#breadcrumb"},"inLanguage":"sk-SK","potentialAction":[{"@type":"ReadAction","target":["https:\/\/cervinusteatrum.hu\/a-meseauto-alomvilagatol-a-kezdjetek-el-elni-kivansagaig\/"]}]},{"@type":"ImageObject","inLanguage":"sk-SK","@id":"https:\/\/cervinusteatrum.hu\/a-meseauto-alomvilagatol-a-kezdjetek-el-elni-kivansagaig\/#primaryimage","url":"https:\/\/cervinusteatrum.hu\/wp-content\/uploads\/2024\/01\/20240119-DSC_1469-scaled.jpg","contentUrl":"https:\/\/cervinusteatrum.hu\/wp-content\/uploads\/2024\/01\/20240119-DSC_1469-scaled.jpg","width":2560,"height":1703},{"@type":"BreadcrumbList","@id":"https:\/\/cervinusteatrum.hu\/a-meseauto-alomvilagatol-a-kezdjetek-el-elni-kivansagaig\/#breadcrumb","itemListElement":[{"@type":"ListItem","position":1,"name":"Kezd\u0151lap","item":"https:\/\/cervinusteatrum.hu\/"},{"@type":"ListItem","position":2,"name":"A Meseaut\u00f3 \u00e1lomvil\u00e1g\u00e1t\u00f3l a Kezdjetek el \u00e9lni k\u00edv\u00e1ns\u00e1g\u00e1ig"}]},{"@type":"WebSite","@id":"https:\/\/cervinusteatrum.hu\/#website","url":"https:\/\/cervinusteatrum.hu\/","name":"Cervinus Te\u00e1trum","description":"","publisher":{"@id":"https:\/\/cervinusteatrum.hu\/#organization"},"potentialAction":[{"@type":"SearchAction","target":{"@type":"EntryPoint","urlTemplate":"https:\/\/cervinusteatrum.hu\/?s={search_term_string}"},"query-input":{"@type":"PropertyValueSpecification","valueRequired":true,"valueName":"search_term_string"}}],"inLanguage":"sk-SK"},{"@type":"Organization","@id":"https:\/\/cervinusteatrum.hu\/#organization","name":"Cervinus Te\u00e1trum","url":"https:\/\/cervinusteatrum.hu\/","logo":{"@type":"ImageObject","inLanguage":"sk-SK","@id":"https:\/\/cervinusteatrum.hu\/#\/schema\/logo\/image\/","url":"https:\/\/cervinusteatrum.hu\/wp-content\/uploads\/2022\/03\/cervinus.png","contentUrl":"https:\/\/cervinusteatrum.hu\/wp-content\/uploads\/2022\/03\/cervinus.png","width":819,"height":960,"caption":"Cervinus Te\u00e1trum"},"image":{"@id":"https:\/\/cervinusteatrum.hu\/#\/schema\/logo\/image\/"},"sameAs":["https:\/\/www.facebook.com\/cervinusteatrumhu"]},{"@type":"Person","@id":"https:\/\/cervinusteatrum.hu\/#\/schema\/person\/f05e2eb6983137c2ecfca10c48a3f30e","name":"Szigeti Anna","image":{"@type":"ImageObject","inLanguage":"sk-SK","@id":"https:\/\/secure.gravatar.com\/avatar\/74ed1e815cb02261fb56b3061840103340e76f14b6aad2c328e9994b36b1e2eb?s=96&d=mm&r=g","url":"https:\/\/secure.gravatar.com\/avatar\/74ed1e815cb02261fb56b3061840103340e76f14b6aad2c328e9994b36b1e2eb?s=96&d=mm&r=g","contentUrl":"https:\/\/secure.gravatar.com\/avatar\/74ed1e815cb02261fb56b3061840103340e76f14b6aad2c328e9994b36b1e2eb?s=96&d=mm&r=g","caption":"Szigeti Anna"},"url":"https:\/\/cervinusteatrum.hu\/sk\/author\/szigeti-anna\/"}]}},"_links":{"self":[{"href":"https:\/\/cervinusteatrum.hu\/sk\/wp-json\/wp\/v2\/posts\/1569","targetHints":{"allow":["GET"]}}],"collection":[{"href":"https:\/\/cervinusteatrum.hu\/sk\/wp-json\/wp\/v2\/posts"}],"about":[{"href":"https:\/\/cervinusteatrum.hu\/sk\/wp-json\/wp\/v2\/types\/post"}],"author":[{"embeddable":true,"href":"https:\/\/cervinusteatrum.hu\/sk\/wp-json\/wp\/v2\/users\/2"}],"replies":[{"embeddable":true,"href":"https:\/\/cervinusteatrum.hu\/sk\/wp-json\/wp\/v2\/comments?post=1569"}],"version-history":[{"count":1,"href":"https:\/\/cervinusteatrum.hu\/sk\/wp-json\/wp\/v2\/posts\/1569\/revisions"}],"predecessor-version":[{"id":1571,"href":"https:\/\/cervinusteatrum.hu\/sk\/wp-json\/wp\/v2\/posts\/1569\/revisions\/1571"}],"wp:featuredmedia":[{"embeddable":true,"href":"https:\/\/cervinusteatrum.hu\/sk\/wp-json\/wp\/v2\/media\/1570"}],"wp:attachment":[{"href":"https:\/\/cervinusteatrum.hu\/sk\/wp-json\/wp\/v2\/media?parent=1569"}],"wp:term":[{"taxonomy":"category","embeddable":true,"href":"https:\/\/cervinusteatrum.hu\/sk\/wp-json\/wp\/v2\/categories?post=1569"},{"taxonomy":"post_tag","embeddable":true,"href":"https:\/\/cervinusteatrum.hu\/sk\/wp-json\/wp\/v2\/tags?post=1569"}],"curies":[{"name":"wp","href":"https:\/\/api.w.org\/{rel}","templated":true}]}}