{"id":1564,"date":"2024-01-24T13:03:30","date_gmt":"2024-01-24T13:03:30","guid":{"rendered":"https:\/\/cervinusteatrum.hu\/?p=1564"},"modified":"2024-01-24T13:08:17","modified_gmt":"2024-01-24T13:08:17","slug":"barangolo-dramairoi-felhivas","status":"publish","type":"post","link":"https:\/\/cervinusteatrum.hu\/sk\/barangolo-dramairoi-felhivas\/","title":{"rendered":"BARANGOL\u00d3 DR\u00c1MA\u00cdR\u00d3I FELH\u00cdV\u00c1S"},"content":{"rendered":"<p><strong>Van egy t\u00f6rt\u00e9neted, ami a sz\u00ednpadra k\u00edv\u00e1nkozik? Szeretn\u00e9d kipr\u00f3b\u00e1lni \u00edr\u00f3i r\u00e1termetts\u00e9gedet a dr\u00e1ma m\u0171nem\u00e9ben? Itt a lehet\u0151s\u00e9g, a fiatal, p\u00e1lyakezd\u0151 \u00edr\u00f3knak ki\u00edrt mentorprogram, a <a href=\"http:\/\/A felh\u00edv\u00e1s indul\u00e1sa: 2024. janu\u00e1r 2. A jelentkez\u00e9sek beny\u00fajt\u00e1s\u00e1nak hat\u00e1rideje: 2024. febru\u00e1r 29. Eredm\u00e9nyhirdet\u00e9s: 2024. m\u00e1rcius 27. A megval\u00f3s\u00edt\u00e1s id\u0151szaka: 2024. \u00e1prilis 15. \u2013 2024. december 15.\">Barangol\u00f3 Dr\u00e1ma\u00edr\u00f3i M\u0171hely<\/a> folytat\u00f3dik, a jelentkez\u00e9seket febru\u00e1r 29-ig v\u00e1rjuk.<\/strong><\/p>\n\n\n\n<p>JELENTKEZ\u00c9S: <a href=\"https:\/\/deryneprogram.hu\/2024\/01\/11\/dramairoi-muhely-2024\/\">https:\/\/deryneprogram.hu\/2024\/01\/11\/dramairoi-muhely-2024\/<\/a><\/p>\n\n\n\n<p><\/p>\n\n\n\n<figure class=\"wp-block-image size-full\"><img loading=\"lazy\" decoding=\"async\" width=\"750\" height=\"750\" src=\"https:\/\/cervinusteatrum.hu\/wp-content\/uploads\/2024\/01\/Brody_dramairoi-muhely-hirdetes-1.jpg\" alt=\"\" class=\"wp-image-1565\" srcset=\"https:\/\/cervinusteatrum.hu\/wp-content\/uploads\/2024\/01\/Brody_dramairoi-muhely-hirdetes-1.jpg 750w, https:\/\/cervinusteatrum.hu\/wp-content\/uploads\/2024\/01\/Brody_dramairoi-muhely-hirdetes-1-300x300.jpg 300w, https:\/\/cervinusteatrum.hu\/wp-content\/uploads\/2024\/01\/Brody_dramairoi-muhely-hirdetes-1-12x12.jpg 12w, https:\/\/cervinusteatrum.hu\/wp-content\/uploads\/2024\/01\/Brody_dramairoi-muhely-hirdetes-1-168x168.jpg 168w\" sizes=\"auto, (max-width: 750px) 100vw, 750px\" \/><\/figure>\n\n\n\nhttps:\/\/deryneprogram.hu\/2024\/01\/11\/dramairoi-muhely-2024\/","protected":false},"excerpt":{"rendered":"<p>Van egy t\u00f6rt\u00e9neted, ami a sz\u00ednpadra k\u00edv\u00e1nkozik? Szeretn\u00e9d kipr\u00f3b\u00e1lni \u00edr\u00f3i r\u00e1termetts\u00e9gedet a dr\u00e1ma m\u0171nem\u00e9ben? Itt a lehet\u0151s\u00e9g, a fiatal, p\u00e1lyakezd\u0151 \u00edr\u00f3knak ki\u00edrt mentorprogram, a Barangol\u00f3 Dr\u00e1ma\u00edr\u00f3i M\u0171hely folytat\u00f3dik, a jelentkez\u00e9seket febru\u00e1r 29-ig v\u00e1rjuk. JELENTKEZ\u00c9S: https:\/\/deryneprogram.hu\/2024\/01\/11\/dramairoi-muhely-2024\/ https:\/\/deryneprogram.hu\/2024\/01\/11\/dramairoi-muhely-2024\/<\/p>","protected":false},"author":2,"featured_media":1565,"comment_status":"closed","ping_status":"closed","sticky":false,"template":"","format":"standard","meta":{"footnotes":""},"categories":[35],"tags":[],"class_list":["post-1564","post","type-post","status-publish","format-standard","has-post-thumbnail","hentry","category-hirek"],"yoast_head":"<!-- This site is optimized with the Yoast SEO plugin v27.5 - https:\/\/yoast.com\/product\/yoast-seo-wordpress\/ -->\n<title>BARANGOL\u00d3 DR\u00c1MA\u00cdR\u00d3I FELH\u00cdV\u00c1S - Cervinus Te\u00e1trum<\/title>\n<meta name=\"robots\" content=\"index, follow, max-snippet:-1, max-image-preview:large, max-video-preview:-1\" \/>\n<link rel=\"canonical\" href=\"https:\/\/cervinusteatrum.hu\/sk\/barangolo-dramairoi-felhivas\/\" \/>\n<meta property=\"og:locale\" content=\"sk_SK\" \/>\n<meta property=\"og:type\" content=\"article\" \/>\n<meta property=\"og:title\" content=\"BARANGOL\u00d3 DR\u00c1MA\u00cdR\u00d3I FELH\u00cdV\u00c1S - Cervinus Te\u00e1trum\" \/>\n<meta property=\"og:description\" content=\"Van egy t\u00f6rt\u00e9neted, ami a sz\u00ednpadra k\u00edv\u00e1nkozik? Szeretn\u00e9d kipr\u00f3b\u00e1lni \u00edr\u00f3i r\u00e1termetts\u00e9gedet a dr\u00e1ma m\u0171nem\u00e9ben? Itt a lehet\u0151s\u00e9g, a fiatal, p\u00e1lyakezd\u0151 \u00edr\u00f3knak ki\u00edrt mentorprogram, a Barangol\u00f3 Dr\u00e1ma\u00edr\u00f3i M\u0171hely folytat\u00f3dik, a jelentkez\u00e9seket febru\u00e1r 29-ig v\u00e1rjuk. JELENTKEZ\u00c9S: https:\/\/deryneprogram.hu\/2024\/01\/11\/dramairoi-muhely-2024\/ https:\/\/deryneprogram.hu\/2024\/01\/11\/dramairoi-muhely-2024\/\" \/>\n<meta property=\"og:url\" content=\"https:\/\/cervinusteatrum.hu\/sk\/barangolo-dramairoi-felhivas\/\" \/>\n<meta property=\"og:site_name\" content=\"Cervinus Te\u00e1trum\" \/>\n<meta property=\"article:publisher\" content=\"https:\/\/www.facebook.com\/cervinusteatrumhu\" \/>\n<meta property=\"article:published_time\" content=\"2024-01-24T13:03:30+00:00\" \/>\n<meta property=\"article:modified_time\" content=\"2024-01-24T13:08:17+00:00\" \/>\n<meta property=\"og:image\" content=\"https:\/\/cervinusteatrum.hu\/wp-content\/uploads\/2024\/01\/Brody_dramairoi-muhely-hirdetes-1.jpg\" \/>\n\t<meta property=\"og:image:width\" content=\"750\" \/>\n\t<meta property=\"og:image:height\" content=\"750\" \/>\n\t<meta property=\"og:image:type\" content=\"image\/jpeg\" \/>\n<meta name=\"author\" content=\"Szigeti Anna\" \/>\n<meta name=\"twitter:card\" content=\"summary_large_image\" \/>\n<meta name=\"twitter:label1\" content=\"Autor\" \/>\n\t<meta name=\"twitter:data1\" content=\"Szigeti Anna\" \/>\n\t<meta name=\"twitter:label2\" content=\"Predpokladan\u00fd \u010das \u010d\u00edtania\" \/>\n\t<meta name=\"twitter:data2\" content=\"1 min\u00fata\" \/>\n<script type=\"application\/ld+json\" class=\"yoast-schema-graph\">{\"@context\":\"https:\\\/\\\/schema.org\",\"@graph\":[{\"@type\":\"Article\",\"@id\":\"https:\\\/\\\/cervinusteatrum.hu\\\/barangolo-dramairoi-felhivas\\\/#article\",\"isPartOf\":{\"@id\":\"https:\\\/\\\/cervinusteatrum.hu\\\/barangolo-dramairoi-felhivas\\\/\"},\"author\":{\"name\":\"Szigeti Anna\",\"@id\":\"https:\\\/\\\/cervinusteatrum.hu\\\/#\\\/schema\\\/person\\\/f05e2eb6983137c2ecfca10c48a3f30e\"},\"headline\":\"BARANGOL\u00d3 DR\u00c1MA\u00cdR\u00d3I FELH\u00cdV\u00c1S\",\"datePublished\":\"2024-01-24T13:03:30+00:00\",\"dateModified\":\"2024-01-24T13:08:17+00:00\",\"mainEntityOfPage\":{\"@id\":\"https:\\\/\\\/cervinusteatrum.hu\\\/barangolo-dramairoi-felhivas\\\/\"},\"wordCount\":78,\"publisher\":{\"@id\":\"https:\\\/\\\/cervinusteatrum.hu\\\/#organization\"},\"image\":{\"@id\":\"https:\\\/\\\/cervinusteatrum.hu\\\/barangolo-dramairoi-felhivas\\\/#primaryimage\"},\"thumbnailUrl\":\"https:\\\/\\\/cervinusteatrum.hu\\\/wp-content\\\/uploads\\\/2024\\\/01\\\/Brody_dramairoi-muhely-hirdetes-1.jpg\",\"articleSection\":[\"H\u00edrek\"],\"inLanguage\":\"sk-SK\"},{\"@type\":\"WebPage\",\"@id\":\"https:\\\/\\\/cervinusteatrum.hu\\\/barangolo-dramairoi-felhivas\\\/\",\"url\":\"https:\\\/\\\/cervinusteatrum.hu\\\/barangolo-dramairoi-felhivas\\\/\",\"name\":\"BARANGOL\u00d3 DR\u00c1MA\u00cdR\u00d3I FELH\u00cdV\u00c1S - Cervinus Te\u00e1trum\",\"isPartOf\":{\"@id\":\"https:\\\/\\\/cervinusteatrum.hu\\\/#website\"},\"primaryImageOfPage\":{\"@id\":\"https:\\\/\\\/cervinusteatrum.hu\\\/barangolo-dramairoi-felhivas\\\/#primaryimage\"},\"image\":{\"@id\":\"https:\\\/\\\/cervinusteatrum.hu\\\/barangolo-dramairoi-felhivas\\\/#primaryimage\"},\"thumbnailUrl\":\"https:\\\/\\\/cervinusteatrum.hu\\\/wp-content\\\/uploads\\\/2024\\\/01\\\/Brody_dramairoi-muhely-hirdetes-1.jpg\",\"datePublished\":\"2024-01-24T13:03:30+00:00\",\"dateModified\":\"2024-01-24T13:08:17+00:00\",\"breadcrumb\":{\"@id\":\"https:\\\/\\\/cervinusteatrum.hu\\\/barangolo-dramairoi-felhivas\\\/#breadcrumb\"},\"inLanguage\":\"sk-SK\",\"potentialAction\":[{\"@type\":\"ReadAction\",\"target\":[\"https:\\\/\\\/cervinusteatrum.hu\\\/barangolo-dramairoi-felhivas\\\/\"]}]},{\"@type\":\"ImageObject\",\"inLanguage\":\"sk-SK\",\"@id\":\"https:\\\/\\\/cervinusteatrum.hu\\\/barangolo-dramairoi-felhivas\\\/#primaryimage\",\"url\":\"https:\\\/\\\/cervinusteatrum.hu\\\/wp-content\\\/uploads\\\/2024\\\/01\\\/Brody_dramairoi-muhely-hirdetes-1.jpg\",\"contentUrl\":\"https:\\\/\\\/cervinusteatrum.hu\\\/wp-content\\\/uploads\\\/2024\\\/01\\\/Brody_dramairoi-muhely-hirdetes-1.jpg\",\"width\":750,\"height\":750},{\"@type\":\"BreadcrumbList\",\"@id\":\"https:\\\/\\\/cervinusteatrum.hu\\\/barangolo-dramairoi-felhivas\\\/#breadcrumb\",\"itemListElement\":[{\"@type\":\"ListItem\",\"position\":1,\"name\":\"Kezd\u0151lap\",\"item\":\"https:\\\/\\\/cervinusteatrum.hu\\\/\"},{\"@type\":\"ListItem\",\"position\":2,\"name\":\"BARANGOL\u00d3 DR\u00c1MA\u00cdR\u00d3I FELH\u00cdV\u00c1S\"}]},{\"@type\":\"WebSite\",\"@id\":\"https:\\\/\\\/cervinusteatrum.hu\\\/#website\",\"url\":\"https:\\\/\\\/cervinusteatrum.hu\\\/\",\"name\":\"Cervinus Te\u00e1trum\",\"description\":\"\",\"publisher\":{\"@id\":\"https:\\\/\\\/cervinusteatrum.hu\\\/#organization\"},\"potentialAction\":[{\"@type\":\"SearchAction\",\"target\":{\"@type\":\"EntryPoint\",\"urlTemplate\":\"https:\\\/\\\/cervinusteatrum.hu\\\/?s={search_term_string}\"},\"query-input\":{\"@type\":\"PropertyValueSpecification\",\"valueRequired\":true,\"valueName\":\"search_term_string\"}}],\"inLanguage\":\"sk-SK\"},{\"@type\":\"Organization\",\"@id\":\"https:\\\/\\\/cervinusteatrum.hu\\\/#organization\",\"name\":\"Cervinus Te\u00e1trum\",\"url\":\"https:\\\/\\\/cervinusteatrum.hu\\\/\",\"logo\":{\"@type\":\"ImageObject\",\"inLanguage\":\"sk-SK\",\"@id\":\"https:\\\/\\\/cervinusteatrum.hu\\\/#\\\/schema\\\/logo\\\/image\\\/\",\"url\":\"https:\\\/\\\/cervinusteatrum.hu\\\/wp-content\\\/uploads\\\/2022\\\/03\\\/cervinus.png\",\"contentUrl\":\"https:\\\/\\\/cervinusteatrum.hu\\\/wp-content\\\/uploads\\\/2022\\\/03\\\/cervinus.png\",\"width\":819,\"height\":960,\"caption\":\"Cervinus Te\u00e1trum\"},\"image\":{\"@id\":\"https:\\\/\\\/cervinusteatrum.hu\\\/#\\\/schema\\\/logo\\\/image\\\/\"},\"sameAs\":[\"https:\\\/\\\/www.facebook.com\\\/cervinusteatrumhu\"]},{\"@type\":\"Person\",\"@id\":\"https:\\\/\\\/cervinusteatrum.hu\\\/#\\\/schema\\\/person\\\/f05e2eb6983137c2ecfca10c48a3f30e\",\"name\":\"Szigeti Anna\",\"image\":{\"@type\":\"ImageObject\",\"inLanguage\":\"sk-SK\",\"@id\":\"https:\\\/\\\/secure.gravatar.com\\\/avatar\\\/74ed1e815cb02261fb56b3061840103340e76f14b6aad2c328e9994b36b1e2eb?s=96&d=mm&r=g\",\"url\":\"https:\\\/\\\/secure.gravatar.com\\\/avatar\\\/74ed1e815cb02261fb56b3061840103340e76f14b6aad2c328e9994b36b1e2eb?s=96&d=mm&r=g\",\"contentUrl\":\"https:\\\/\\\/secure.gravatar.com\\\/avatar\\\/74ed1e815cb02261fb56b3061840103340e76f14b6aad2c328e9994b36b1e2eb?s=96&d=mm&r=g\",\"caption\":\"Szigeti Anna\"},\"url\":\"https:\\\/\\\/cervinusteatrum.hu\\\/sk\\\/author\\\/szigeti-anna\\\/\"}]}<\/script>\n<!-- \/ Yoast SEO plugin. -->","yoast_head_json":{"title":"BARANGOL\u00d3 DR\u00c1MA\u00cdR\u00d3I FELH\u00cdV\u00c1S - Cervinus Te\u00e1trum","robots":{"index":"index","follow":"follow","max-snippet":"max-snippet:-1","max-image-preview":"max-image-preview:large","max-video-preview":"max-video-preview:-1"},"canonical":"https:\/\/cervinusteatrum.hu\/sk\/barangolo-dramairoi-felhivas\/","og_locale":"sk_SK","og_type":"article","og_title":"BARANGOL\u00d3 DR\u00c1MA\u00cdR\u00d3I FELH\u00cdV\u00c1S - Cervinus Te\u00e1trum","og_description":"Van egy t\u00f6rt\u00e9neted, ami a sz\u00ednpadra k\u00edv\u00e1nkozik? Szeretn\u00e9d kipr\u00f3b\u00e1lni \u00edr\u00f3i r\u00e1termetts\u00e9gedet a dr\u00e1ma m\u0171nem\u00e9ben? Itt a lehet\u0151s\u00e9g, a fiatal, p\u00e1lyakezd\u0151 \u00edr\u00f3knak ki\u00edrt mentorprogram, a Barangol\u00f3 Dr\u00e1ma\u00edr\u00f3i M\u0171hely folytat\u00f3dik, a jelentkez\u00e9seket febru\u00e1r 29-ig v\u00e1rjuk. JELENTKEZ\u00c9S: https:\/\/deryneprogram.hu\/2024\/01\/11\/dramairoi-muhely-2024\/ https:\/\/deryneprogram.hu\/2024\/01\/11\/dramairoi-muhely-2024\/","og_url":"https:\/\/cervinusteatrum.hu\/sk\/barangolo-dramairoi-felhivas\/","og_site_name":"Cervinus Te\u00e1trum","article_publisher":"https:\/\/www.facebook.com\/cervinusteatrumhu","article_published_time":"2024-01-24T13:03:30+00:00","article_modified_time":"2024-01-24T13:08:17+00:00","og_image":[{"width":750,"height":750,"url":"https:\/\/cervinusteatrum.hu\/wp-content\/uploads\/2024\/01\/Brody_dramairoi-muhely-hirdetes-1.jpg","type":"image\/jpeg"}],"author":"Szigeti Anna","twitter_card":"summary_large_image","twitter_misc":{"Autor":"Szigeti Anna","Predpokladan\u00fd \u010das \u010d\u00edtania":"1 min\u00fata"},"schema":{"@context":"https:\/\/schema.org","@graph":[{"@type":"Article","@id":"https:\/\/cervinusteatrum.hu\/barangolo-dramairoi-felhivas\/#article","isPartOf":{"@id":"https:\/\/cervinusteatrum.hu\/barangolo-dramairoi-felhivas\/"},"author":{"name":"Szigeti Anna","@id":"https:\/\/cervinusteatrum.hu\/#\/schema\/person\/f05e2eb6983137c2ecfca10c48a3f30e"},"headline":"BARANGOL\u00d3 DR\u00c1MA\u00cdR\u00d3I FELH\u00cdV\u00c1S","datePublished":"2024-01-24T13:03:30+00:00","dateModified":"2024-01-24T13:08:17+00:00","mainEntityOfPage":{"@id":"https:\/\/cervinusteatrum.hu\/barangolo-dramairoi-felhivas\/"},"wordCount":78,"publisher":{"@id":"https:\/\/cervinusteatrum.hu\/#organization"},"image":{"@id":"https:\/\/cervinusteatrum.hu\/barangolo-dramairoi-felhivas\/#primaryimage"},"thumbnailUrl":"https:\/\/cervinusteatrum.hu\/wp-content\/uploads\/2024\/01\/Brody_dramairoi-muhely-hirdetes-1.jpg","articleSection":["H\u00edrek"],"inLanguage":"sk-SK"},{"@type":"WebPage","@id":"https:\/\/cervinusteatrum.hu\/barangolo-dramairoi-felhivas\/","url":"https:\/\/cervinusteatrum.hu\/barangolo-dramairoi-felhivas\/","name":"BARANGOL\u00d3 DR\u00c1MA\u00cdR\u00d3I FELH\u00cdV\u00c1S - Cervinus Te\u00e1trum","isPartOf":{"@id":"https:\/\/cervinusteatrum.hu\/#website"},"primaryImageOfPage":{"@id":"https:\/\/cervinusteatrum.hu\/barangolo-dramairoi-felhivas\/#primaryimage"},"image":{"@id":"https:\/\/cervinusteatrum.hu\/barangolo-dramairoi-felhivas\/#primaryimage"},"thumbnailUrl":"https:\/\/cervinusteatrum.hu\/wp-content\/uploads\/2024\/01\/Brody_dramairoi-muhely-hirdetes-1.jpg","datePublished":"2024-01-24T13:03:30+00:00","dateModified":"2024-01-24T13:08:17+00:00","breadcrumb":{"@id":"https:\/\/cervinusteatrum.hu\/barangolo-dramairoi-felhivas\/#breadcrumb"},"inLanguage":"sk-SK","potentialAction":[{"@type":"ReadAction","target":["https:\/\/cervinusteatrum.hu\/barangolo-dramairoi-felhivas\/"]}]},{"@type":"ImageObject","inLanguage":"sk-SK","@id":"https:\/\/cervinusteatrum.hu\/barangolo-dramairoi-felhivas\/#primaryimage","url":"https:\/\/cervinusteatrum.hu\/wp-content\/uploads\/2024\/01\/Brody_dramairoi-muhely-hirdetes-1.jpg","contentUrl":"https:\/\/cervinusteatrum.hu\/wp-content\/uploads\/2024\/01\/Brody_dramairoi-muhely-hirdetes-1.jpg","width":750,"height":750},{"@type":"BreadcrumbList","@id":"https:\/\/cervinusteatrum.hu\/barangolo-dramairoi-felhivas\/#breadcrumb","itemListElement":[{"@type":"ListItem","position":1,"name":"Kezd\u0151lap","item":"https:\/\/cervinusteatrum.hu\/"},{"@type":"ListItem","position":2,"name":"BARANGOL\u00d3 DR\u00c1MA\u00cdR\u00d3I FELH\u00cdV\u00c1S"}]},{"@type":"WebSite","@id":"https:\/\/cervinusteatrum.hu\/#website","url":"https:\/\/cervinusteatrum.hu\/","name":"Cervinus Te\u00e1trum","description":"","publisher":{"@id":"https:\/\/cervinusteatrum.hu\/#organization"},"potentialAction":[{"@type":"SearchAction","target":{"@type":"EntryPoint","urlTemplate":"https:\/\/cervinusteatrum.hu\/?s={search_term_string}"},"query-input":{"@type":"PropertyValueSpecification","valueRequired":true,"valueName":"search_term_string"}}],"inLanguage":"sk-SK"},{"@type":"Organization","@id":"https:\/\/cervinusteatrum.hu\/#organization","name":"Cervinus Te\u00e1trum","url":"https:\/\/cervinusteatrum.hu\/","logo":{"@type":"ImageObject","inLanguage":"sk-SK","@id":"https:\/\/cervinusteatrum.hu\/#\/schema\/logo\/image\/","url":"https:\/\/cervinusteatrum.hu\/wp-content\/uploads\/2022\/03\/cervinus.png","contentUrl":"https:\/\/cervinusteatrum.hu\/wp-content\/uploads\/2022\/03\/cervinus.png","width":819,"height":960,"caption":"Cervinus Te\u00e1trum"},"image":{"@id":"https:\/\/cervinusteatrum.hu\/#\/schema\/logo\/image\/"},"sameAs":["https:\/\/www.facebook.com\/cervinusteatrumhu"]},{"@type":"Person","@id":"https:\/\/cervinusteatrum.hu\/#\/schema\/person\/f05e2eb6983137c2ecfca10c48a3f30e","name":"Szigeti Anna","image":{"@type":"ImageObject","inLanguage":"sk-SK","@id":"https:\/\/secure.gravatar.com\/avatar\/74ed1e815cb02261fb56b3061840103340e76f14b6aad2c328e9994b36b1e2eb?s=96&d=mm&r=g","url":"https:\/\/secure.gravatar.com\/avatar\/74ed1e815cb02261fb56b3061840103340e76f14b6aad2c328e9994b36b1e2eb?s=96&d=mm&r=g","contentUrl":"https:\/\/secure.gravatar.com\/avatar\/74ed1e815cb02261fb56b3061840103340e76f14b6aad2c328e9994b36b1e2eb?s=96&d=mm&r=g","caption":"Szigeti Anna"},"url":"https:\/\/cervinusteatrum.hu\/sk\/author\/szigeti-anna\/"}]}},"_links":{"self":[{"href":"https:\/\/cervinusteatrum.hu\/sk\/wp-json\/wp\/v2\/posts\/1564","targetHints":{"allow":["GET"]}}],"collection":[{"href":"https:\/\/cervinusteatrum.hu\/sk\/wp-json\/wp\/v2\/posts"}],"about":[{"href":"https:\/\/cervinusteatrum.hu\/sk\/wp-json\/wp\/v2\/types\/post"}],"author":[{"embeddable":true,"href":"https:\/\/cervinusteatrum.hu\/sk\/wp-json\/wp\/v2\/users\/2"}],"replies":[{"embeddable":true,"href":"https:\/\/cervinusteatrum.hu\/sk\/wp-json\/wp\/v2\/comments?post=1564"}],"version-history":[{"count":2,"href":"https:\/\/cervinusteatrum.hu\/sk\/wp-json\/wp\/v2\/posts\/1564\/revisions"}],"predecessor-version":[{"id":1568,"href":"https:\/\/cervinusteatrum.hu\/sk\/wp-json\/wp\/v2\/posts\/1564\/revisions\/1568"}],"wp:featuredmedia":[{"embeddable":true,"href":"https:\/\/cervinusteatrum.hu\/sk\/wp-json\/wp\/v2\/media\/1565"}],"wp:attachment":[{"href":"https:\/\/cervinusteatrum.hu\/sk\/wp-json\/wp\/v2\/media?parent=1564"}],"wp:term":[{"taxonomy":"category","embeddable":true,"href":"https:\/\/cervinusteatrum.hu\/sk\/wp-json\/wp\/v2\/categories?post=1564"},{"taxonomy":"post_tag","embeddable":true,"href":"https:\/\/cervinusteatrum.hu\/sk\/wp-json\/wp\/v2\/tags?post=1564"}],"curies":[{"name":"wp","href":"https:\/\/api.w.org\/{rel}","templated":true}]}}