{"id":1455,"date":"2023-10-26T15:29:08","date_gmt":"2023-10-26T15:29:08","guid":{"rendered":"https:\/\/cervinusteatrum.hu\/?p=1455"},"modified":"2023-10-26T15:29:09","modified_gmt":"2023-10-26T15:29:09","slug":"tessedik-szerepe-felelosseg","status":"publish","type":"post","link":"https:\/\/cervinusteatrum.hu\/sk\/tessedik-szerepe-felelosseg\/","title":{"rendered":"Tessedik szerepe felel\u0151ss\u00e9g"},"content":{"rendered":"<p>Szente \u00c1rp\u00e1d Csaba a Cervinusban alak\u00edtja Tessedik S\u00e1muel szerep\u00e9t Pozsgai Zsolt \u2013 Guly\u00e1s Levente <a href=\"https:\/\/www.newjsag.hu\/tag\/akacember\/\">Az Ak\u00e1cember<\/a> c\u00edm\u0171 musicalben, D\u00f3sa Zsuzsa rendez\u00e9s\u00e9ben. A fiatal m\u0171v\u00e9sz neh\u00e9z pr\u00f3bafolyamaton van t\u00fal, hiszen olyan \u00e9rz\u00e9seket kell megmutatnia a sz\u00ednpadon, amit \u00e9letkora, habitusa miatt m\u00e9g nem tapasztalhatott. T\u00f6bb \u00e9vtizedet k\u00f6vet v\u00e9gig a darab, ami szint\u00e9n komoly sz\u00edn\u00e9szi feladat.<\/p>\n\n\n\n<p>A besz\u00e9lget\u00e9s a Szarvasi V\u00edzi Sz\u00ednh\u00e1zban <a href=\"https:\/\/www.newjsag.hu\/2022\/07\/24\/akacember-cervinus-muveszeti-fesztival\/\">2022. j\u00falius 23-\u00e1n t\u00f6rt\u00e9nt \u0151sbemutat\u00f3<\/a> el\u0151tt k\u00e9sz\u00fclt.<\/p>\n\n\n\n<p><strong>Csaba, hogy \u00e9rzed megad Tessedik S\u00e1muel szerepben?<\/strong><\/p>\n\n\n\n<p>Szente \u00c1rp\u00e1d Csaba: Tessedik komoly, letisztult egyh\u00e1zi szem\u00e9ly, akinek kulcsfontoss\u00e1g\u00fa, meghat\u00e1roz\u00f3 szerepe volt Szarvas fejl\u0151d\u00e9s\u00e9ben. Neh\u00e9z az\u00e9rt, mert mindenki valahogy elk\u00e9pzeli Tessedik S\u00e1muelt, milyen is volt. Ha kij\u00f6n majd a n\u00e9z\u0151 az el\u0151ad\u00e1sr\u00f3l, az a k\u00e9pe lesz \u2013 nagy val\u00f3sz\u00edn\u0171s\u00e9ggel \u2013 amit \u00e1ltalam l\u00e1tott \u00e9s ez \u00f3ri\u00e1si felel\u0151ss\u00e9g. \u00dagy kell interpret\u00e1lnom a figur\u00e1t, hogy megmaradjon Tessedik kultikus alakja Szarvasnak, ez\u00e9rt is s\u00falya van. Nagyon j\u00f3l \u00e9rzem magam Tessedikk\u00e9nt \u2013 megszerett\u00fck egym\u00e1st. Nem mondom, hogy nem voltam megijedve az elej\u00e9n, \u00e9ppen a s\u00falya miatt \u2013 \u00e9n az\u00e9rt t\u0151le sokkal simul\u00e9konyabb vagyok \u2013 ami viszont nagyon szimpatikus benne, hogy az a fajta vil\u00e1gi gondolkod\u00e1s, amit \u0151 k\u00e9pviselt az egyh\u00e1zban \u2013, hiszen teljes v\u00e1llsz\u00e9less\u00e9ggel ki\u00e1llt elvei, elk\u00e9pzel\u00e9sei mellett \u2013 \u00e9s vitte, ameddig vihette a darab sor\u00e1n. Sz\u00e1momra nagyon szimpatikus figur\u00e1ja a t\u00f6rt\u00e9nelemnek.<\/p>\n\n\n\n<p><strong>Mennyit tudt\u00e1l Tessedikr\u0151l?<\/strong><\/p>\n\n\n\n<p>Sz.\u00c1.Cs.: Hallottam a nev\u00e9t, de igaz\u00e1n nem tal\u00e1lkoztam vele, nem tudtam semmit hozz\u00e1 t\u00e1rs\u00edtani. Most, ahogy megismerkedtem vele a darabban, szerintem j\u00f3 \u00faton vagyunk afel\u00e9, hogy \u00f6sszebar\u00e1tkozzunk. Nyilv\u00e1n ehhez az is kell, hogy t\u00f6bbet j\u00e1tsszuk majd az el\u0151ad\u00e1st. Az ismerked\u0151 f\u00e1zison t\u00fal vagyunk, a pr\u00f3b\u00e1k sor\u00e1n \u00e9s elmondhatom, hogy tetszik az a fajta gondolkod\u00e1s, amit k\u00e9pvisel.<\/p>\n\n\n\n<p><strong>Nem volt k\u00f6nny\u0171 ember, ez a darabban is \u00e9rezhet\u0151.<\/strong><\/p>\n\n\n\n<p>Sz.\u00c1.Cs.: Rengeteg akad\u00e1lyba \u00fctk\u00f6zik, az iskola megnyit\u00e1s\u00e1val kapcsolatban is, De azokkal a terveivel kapcsolatban is, amit l\u00e1tott, tapasztalt m\u00e1s eur\u00f3pai orsz\u00e1gokban, v\u00e1rosokban, hiszen ott m\u0171k\u00f6dtek. Tetteire a kir\u00e1lyi udvar is felfigyelt. De kider\u00fcl az is, hogy mennyire sz\u0171k l\u00e1t\u00f3k\u00f6r\u0171 az egyh\u00e1z, az emberek. Tessedik nyitottabb sokkal \u00e9s ezeknek a v\u00e9lem\u00e9nyeknek, \u00e9rt\u00e9keknek az \u00fctk\u00f6ztet\u00e9se konfliktussal j\u00e1r.<\/p>\n\n\n\n<p><strong>Csaba, Tessedik fiatalemberk\u00e9nt \u00e9rkezik meg \u2013 a darabban is \u2013 \u00e9s egy k\u00f6z\u00e9pkor\u00fa emberrel \u00e9r v\u00e9get a t\u00f6rt\u00e9net, gyermekei vannak \u2013 nem is kicsik \u2013 vagyis egy \u00f3ri\u00e1si \u00edvet (utat) j\u00e1rnak be a szerepl\u0151k, \u00edgy Tessedik is, a fia elmegy \u201eorvosl\u00e1st\u201d tanulni. Ez komoly fejl\u0151d\u00e9si folyamat.<\/strong><\/p>\n\n\n\n<p>Sz.\u00c1.Cs.: Azt k\u00e9rte t\u0151lem Zsuzsa (D\u00f3sa Zsuzsa rendez\u0151), hogy azt a fajta meg\u00f6reged\u00e9st szeretn\u00e9 l\u00e1tni az el\u0151ad\u00e1s alatt, ahol nagyj\u00e1b\u00f3l t\u00f6bb t\u00edz \u00e9vet \u00f6regszik Tessedik, bel\u00fclr\u0151l induljon el \u00e9s az majd kihat a testre, a gesztusrendszerre, hiszen el\u00e9gg\u00e9 megt\u00e9p\u00e1zza a sors Tessediket a darab folyam\u00e1n. A fejl\u0151d\u00e9s pedig egy nagyon j\u00f3\u2026, \u00f3ri\u00e1si \u00e9lm\u00e9ny! \u00dagy jutok el, megj\u00e1rv\u00e1n a mennyet \u00e9s a poklot k\u00e9t felvon\u00e1son kereszt\u00fcl, hogy elindulva A-b\u00f3l B-be, Zs-\u00e9be, hogy k\u00f6zben rengeteg \u201eelk\u00e9peszt\u0151\u201d dolog \u00e9rt, t\u00f6rt\u00e9nnek az esem\u00e9nyek \u00e9s mindig valamik\u00e9ppen form\u00e1l rajtad. Minden egyes kimondott sz\u00f3, mondat, t\u00f6rt\u00e9n\u00e9s, esem\u00e9ny az mind-mind hat\u00e1ssal van a v\u00e9gkifejletre. Nagyon j\u00f3 kis var\u00e1zslat! Nagyon szeretem! Sz\u00e1momra sokat adott ez a darab m\u00e1r most, pedig m\u00e9g be sem mutattuk.<\/p>\n\n\n\n<p><strong>A sz\u00f6vegk\u00f6nyv egyszerre romantikus, egyszerre t\u00f6rt\u00e9nelem, egyszerre f\u00e1jd\u00edtja a sz\u00edvet \u00e9s n\u00e9ha mosolyra k\u00e9sztet \u00e9s f\u0151leg nagyon emberi, \u00e9l\u0151 \u00e9s igaz, egyszer\u0171en emberi.<\/strong><\/p>\n\n\n\n<p>Sz.\u00c1.Cs.: Abszol\u00fat, \u00e9s k\u00f6zben mag\u00e1ra ismer az ember. Val\u00f3s probl\u00e9m\u00e1k, val\u00f3s trag\u00e9di\u00e1k, amikkel a h\u00e9tk\u00f6znapokban is tal\u00e1lkozhatunk. Elk\u00e9peszt\u0151 hat\u00e1sa van, ahogyan hat az emberre, amit nem egyszer\u0171 megmutatni, mert le kell \u00e1snunk a lelk\u00fcnkbe, de nagyon-nagyon sz\u00e9p, felemel\u0151, felszabad\u00edt\u00f3 \u00e9rz\u00e9s, amikor ez megjelenik. Ez nagyon fontos is, hogy az \u00e9rzelmeket meg tudjuk mutatni.<\/p>\n\n\n\n<p><strong>Tessediknek van egy feles\u00e9ge, Ter\u00e9z, akivel nem mindennapi m\u00f3don tal\u00e1lkoznak el\u0151sz\u00f6r, de egy nagyon \u00f6sszetart\u00f3, szeretet, tisztelet, szerelem alakul ki k\u00f6z\u00f6tt\u00fck.<\/strong><\/p>\n\n\n\n<p>Sz.\u00c1.Cs.: Igen, ez el\u00e9g patthelyzet, ahogyan \u00f6sszekapcsol\u00f3dnak, de v\u00e9g\u00fcl egy nagyfok\u00fa szeretet \u00e9s tisztelet alakul ki k\u00f6z\u00f6tt\u00fck, de az elej\u00e9n ott a harmadik f\u00e9l is. Hogy mennyire volt ez eleve elrendelve\u2026? Az biztos, hogy a darab folyam\u00e1n sok neh\u00e9zs\u00e9gen, akad\u00e1lyokon megy kereszt\u00fcl a h\u00e1zass\u00e1guk. A k\u00e9nyszersz\u00fclte h\u00e1zass\u00e1guk eljut oda, hogy nem csak h\u00e1zast\u00e1rsak, hanem szerelmesek, t\u00e1rsak \u00e9s nagyon j\u00f3 sz\u00f6vets\u00e9gesekk\u00e9 v\u00e1lnak. Egym\u00e1s t\u00e1maszai lesznek \u00e9s nagyon-nagyon sz\u00e9p \u00e9s fontos szerintem.<\/p>\n\n\n\n<p><strong>Boczk\u00f3val val\u00f3 harc a v\u00e9g\u00e9re megszel\u00edd\u00fcl, amit nagyon \u00e9rt\u00e9kesnek tartok, mert Boczk\u00f3 tettei a val\u00f3s\u00e1gban is \u00e9rt\u00e9kesek. A darab nagyon romantikus sz\u00e1lon hozza \u00f6ssze Boczk\u00f3t \u00e9s Tessediket.<\/strong><\/p>\n\n\n\n<p>Sz.\u00c1.Cs.: <a href=\"https:\/\/www.newjsag.hu\/2022\/07\/29\/timko-janos-akacember-cervinus-teatrum\/\">Boczk\u00f3<\/a> szerintem tipikusan az a fajta f\u00e9rfi, aki meg\u00e9rkezik egy sz\u00e1nd\u00e9kkal, ami nem felt\u00e9tlen\u00fcl rossz, hiszen igaza van, de ezt nem mondja ki.<\/p>\n\n\n\n<p><strong>Boczk\u00f3 szerinetem \u2013 a darabban \u2013, el\u00e9g z\u00e1rk\u00f3zott.<\/strong><\/p>\n\n\n\n<p>Sz.\u00c1.Cs.: Igen, de a sz\u00e1nd\u00e9kai nem ismertek. A mondatok, amik elhangzanak, ha m\u00e1sk\u00e9ppen hangzan\u00e1nak el, tal\u00e1n nem lenne ennyi f\u00e9lre\u00e9rt\u00e9s. A sz\u00f6vegk\u00f6nyv szinte sugallja, hogy b\u00e9k\u00fclj\u00f6n ki m\u00e1r a k\u00e9t ember, mert mindkett\u0151 \u00e9rtelmes, b\u00f6lcs ember, akiknek tiszt\u00e1k a sz\u00e1nd\u00e9kaik, de mindig t\u00f6rt\u00e9nik valami, ami miatt ez a k\u00e9t fogasker\u00e9k nem tud kapcsol\u00f3dni.<\/p>\n\n\n\n<p><strong>Tessedik hite, akarata, jobb\u00edt\u00f3 sz\u00e1nd\u00e9ka er\u0151s volt. Te meddig m\u00e9sz el, hogy megval\u00f3s\u00edtsd \u00e1lmaidat?<\/strong><\/p>\n\n\n\n<p>Sz.\u00c1.Cs.: \u00c1ltal\u00e1ban \u00e9n az a t\u00edpus\u00fa ember vagyok, aki, amit elk\u00e9pzelt azt megval\u00f3s\u00edtja. Szeretek elmenni a dolgok v\u00e9g\u00e9ig. Nem jellemz\u0151 az, hogy f\u00e9lbe hagyok valamit. De nyilv\u00e1n vannak olyan t\u00e9nyez\u0151k, amelyek elterelik a figyelmemet, de igyekszem \u00fajra visszat\u00e9rni \u00e9s a c\u00e9lra f\u00f3kusz\u00e1lni, hogy m\u0171k\u00f6dtetni tudjam, v\u00e9gig vigyem, amit elkezdtem, ez jellemz\u0151 r\u00e1m. K\u00f6vetkezetes vagyok, mert akkor vil\u00e1gos sz\u00e1momra, hogy mit akarok, \u00e9s hogyan \u00e9rhetem el \u2013 nyilv\u00e1n \u00e9sszer\u0171 keretek k\u00f6z\u00f6tt. Ember pr\u00f3b\u00e1lok maradni minden igyekezetemmel. Az biztos, hogy a k\u00f6vetkezetess\u00e9g az nagy vez\u00e9rhaj\u00f3m az \u00e9letben. Mindennek ellen\u00e9re tudok simul\u00e9kony is lenni, de a k\u00f6vetkezetess\u00e9g fontos sz\u00e1momra.<\/p>\n\n\n\n<p><strong>A k\u00f6vetkezetess\u00e9g Tessedikre is jellemz\u0151.<\/strong><\/p>\n\n\n\n<p>Sz.\u00c1.Cs.: Bizony! Teljes eg\u00e9sz\u00e9ben tudta azt, mit fog el\u00e9rni, az is hogyan szeretn\u00e9 megval\u00f3s\u00edtani. Tessedik szerint, ha m\u00e1shol m\u0171k\u00f6d\u00f6tt valami, itt mi\u00e9rt ne m\u0171k\u00f6dne, hiszen a felt\u00e9telek adottak voltak.<\/p>\n\n\n\n<p><strong>Csak az emberi gondolkod\u00e1s itt m\u00e9g nem \u00e9rett meg Tessedik gondolataira\u2026<\/strong><\/p>\n\n\n\n<p>Sz.\u00c1.Cs.: Igen, vil\u00e1gn\u00e9zeti konfliktusok adj\u00e1k a darab helyzeteit. Az egyh\u00e1z nem t\u00e1mogatta az \u00faj\u00edt\u00e1st, nem tudtak szimbi\u00f3zisban egy\u00fctt dolgozni Tessedikkel \u00fagy, hogy egyik se s\u00e9rtse meg a m\u00e1sikat.<\/p>\n\n\n\n<p><strong>Milyen pr\u00f3bafolyamaton vagytok t\u00fal, \u00fagy tudom el\u00e9g kev\u00e9s id\u0151t\u00f6k volt.<\/strong><\/p>\n\n\n\n<p>Sz.\u00c1.Cs.: Igen, kev\u00e9s, de nagyon hat\u00e9kony id\u0151szak volt. Annyira hat\u00e9kony volt, hogy a karakterek m\u00e9ly\u00e9re is el tudtunk jutni.<\/p>\n\n\n\n<p><strong>Igen, ez jellemz\u0151 Zsuzs\u00e1ra\u2026<\/strong><\/p>\n\n\n\n<p>Nekem ez az els\u0151 k\u00f6z\u00f6s munk\u00e1m Zsuzs\u00e1val (D\u00f3sa Zsuzsa rendez\u0151) \u00e9s nagyon h\u00e1l\u00e1s vagyok neki. \u00dagy \u00e1lltam neki a pr\u00f3baid\u0151szaknak, hogy olyan rendez\u0151vel dolgozom, akivel eddig m\u00e9g nem, de teljes nyitotts\u00e1ggal \u00e9s k\u00edv\u00e1ncsis\u00e1ggal, azzal a s\u00fallyal a v\u00e1llamon, hogy m\u00e9giscsak Tessedik S\u00e1muelt fogok alak\u00edtani. Emiatt volt f\u00e9lelem bennem, izgultam, hogy feln\u0151jek a feladathoz. Igaz\u00e1b\u00f3l a k\u00e9rd\u00e9s folyamatosan zakatol bennem. Hiszek magamban, b\u00edzom abban, amit Zsuzsa mond, k\u00e9r \u00e9s v\u00e1r azokban az instrukci\u00f3kban, k\u00e9r\u00e9sekben, ami t\u0151le kaptam, ami\u00e9rt k\u00f6sz\u00f6net neki. Viszont az a fajta f\u00e9lelem\u2026 vagy bizony\u00edt\u00e1si v\u00e1gy folyamatosan zakatol bennem. Az nekem egy kis angyalka vagy kis\u00f6rd\u00f6g, aki a v\u00e1llamon \u00fcl \u00e9s folyamatosan mondogatja, hogy gy\u0151zzem meg \u0151t arr\u00f3l, amit gondolok vagy c\u00e1foljam meg, amit \u0151 gondol. De nagyon j\u00f3, \u00e9rt\u00e9kes pr\u00f3baid\u0151szak volt. Olyan dolgokat nyitott meg bennem, amelyek k\u00f6zelebb vittek \u00f6nmagamhoz \u00e9s b\u00e1trabban mertem v\u00e1llalni \u00e9rz\u00e9seimet adott helyzetekben, amit a sz\u00ednpadon kellett megfogalmazni. Az emberben nyilv\u00e1n kialakul egyfajta g\u00e1tl\u00e1soss\u00e1g, hogy ne mutassuk meg \u00e9rz\u00e9seinket, hogy ne teljesen mutassam meg magam, mert akkor s\u00e9r\u00fcl\u00e9kenny\u00e9 v\u00e1lok. Nagyon j\u00f3 volt a munka Levent\u00e9vel (Guly\u00e1s Levente zeneszerz\u0151) \u00e9s \u00c1ronnal (R\u00e1zga \u00c1ron korrepet\u00edtor) sokat gyakoroltuk a dalokat, hogy az \u00fagy sz\u00f3ljon, ahogy kell. Bercivel (V\u00e1ri Bertalan koreogr\u00e1fus) ismert\u00fck egym\u00e1st r\u00e9gebbr\u0151l, \u00edgy j\u00f3 volt \u00fajra egy\u00fctt dolgozni. Zsuzs\u00e1t\u00f3l elk\u00e9peszt\u0151en sokat tanultam. \u00c9ppen ez\u00e9rt val\u00f3s \u00e9rzelmek jelennek meg a sz\u00ednpadon, ami olyan el\u0151ad\u00e1ss\u00e1 teszi ezt musicalt, ami hol megmosolyogtatja az embert, hol pedig k\u00f6nnyekig eljuthat az a f\u00e1jdalom, ami mi \u00e1t\u00e9l\u00fcnk.<\/p>\n\n\n\n<p><strong>Mit v\u00e1rsz az el\u0151ad\u00e1st\u00f3l? <\/strong>(A besz\u00e9lget\u00e9s az \u0151sbemutat\u00f3 el\u0151tt k\u00e9sz\u00fclt)<\/p>\n\n\n\n<p>Sz.\u00c1.Cs.: Igaz\u00e1b\u00f3l elv\u00e1r\u00e1som nincs, az\u00e9rt, mert \u00e9n m\u00e1r most h\u00e1l\u00e1s vagyok ennek a produkci\u00f3nak. Ha m\u00e9gis meg kell fogalmaznom, tal\u00e1n azt, hogy szeress\u00e9k \u2013 rem\u00e9lem szeretni fogj\u00e1k \u2013, de ezt a n\u00e9z\u0151k d\u00f6ntik el. Mi mindent beletett\u00fcnk az el\u0151ad\u00e1sba, szakmai tud\u00e1sunkat, al\u00e1zatunkat, hozz\u00e1\u00e1ll\u00e1sunkat. Minden felt\u00e9tel adott, a l\u00e1tv\u00e1ny element\u00e1ris. Olyan el\u0151ad\u00e1st v\u00e1rok, ami olykor megmosolyogtat, olykor felemel, olykor ler\u00e1nt a m\u00e9lybe \u00e9s olykor megr\u00e1g \u00e9s kik\u00f6p \u2013 ha \u00e9rted mit akarok mondani.<\/p>\n\n\n\n<p><strong>Igen, \u00e9rtem, ez \u2013 szerintem \u2013 a katarzis!<\/strong><\/p>\n\n\n\n<p>Magamt\u00f3l is ezt v\u00e1rom, \u00fagy gondolom \u201eS\u00e1muellel ezt megcsin\u00e1ltuk\u201d! Szem\u00e1n B\u00e9l\u00e1val besz\u00e9lgett\u00fcnk, hogy Tessedik olyan f\u00e9rfi, akinek az arc\u00e1n mindig ott a mosoly, m\u00e9g ha nem is l\u00e1tod, de \u00e9rzed mert a lelk\u00e9b\u0151l fakad. Ez egyfajta lelk\u00e9szi tulajdons\u00e1g.<\/p>\n\n\n\n<p><strong>\u00c9n azt mondan\u00e1m, a szem\u00e9ben is van a mosoly, \u00e9s igen, a l\u00e9lek tisztas\u00e1ga, a hite abban, amit csin\u00e1lt \u00e9s az emberekbe vetett felt\u00e9tlen bizalma. Tessedik sokkal t\u00e1volabbra tekintett, mint b\u00e1rki m\u00e1s.<\/strong><\/p>\n\n\n\n<p>Igen, \u00e9s nem is biztos, hogy k\u00e9t l\u00e1bbal \u00e1llt a f\u00f6ld\u00f6n, mert f\u00f6l\u00f6tte \u00e1llt. Ez\u00e9rt volt korszakalkot\u00f3. Amit tett, amit itt Szarvason l\u00e9trehozott, az j\u00f3val megel\u0151zte kor\u00e1t.<\/p>\n\n\n\n<p><strong>Csaba, k\u00f6sz\u00f6n\u00f6m sz\u00e9pen a besz\u00e9lget\u00e9st, \u00fagy gondolom m\u00e9lt\u00f3 Tessedik S\u00e1muel leszel.<\/strong><\/p>\n\n\n\n<p>Galambos Edit<\/p>\n\n\n\n<p>A fot\u00f3kat Bab\u00e1k Zolt\u00e1n k\u00e9sz\u00edtette.<\/p>\n\n\n\n<blockquote class=\"wp-embedded-content\" data-secret=\"SSD0g7NObX\"><a href=\"https:\/\/www.newjsag.hu\/2022\/10\/25\/tessedik-szerepe-felelosseg\/\">Tessedik szerepe felel\u0151ss\u00e9g<\/a><\/blockquote><iframe loading=\"lazy\" class=\"wp-embedded-content\" sandbox=\"allow-scripts\" security=\"restricted\" style=\"position: absolute; clip: rect(1px, 1px, 1px, 1px);\" title=\"&#8220;Tessedik szerepe felel\u0151ss\u00e9g&#8221; &#8212; Newjs\u00e1g\" src=\"https:\/\/www.newjsag.hu\/2022\/10\/25\/tessedik-szerepe-felelosseg\/embed\/#?secret=UclOLq1gYc#?secret=SSD0g7NObX\" data-secret=\"SSD0g7NObX\" width=\"600\" height=\"338\" frameborder=\"0\" marginwidth=\"0\" marginheight=\"0\" scrolling=\"no\"><\/iframe>","protected":false},"excerpt":{"rendered":"<p>Szente \u00c1rp\u00e1d Csaba a Cervinusban alak\u00edtja Tessedik S\u00e1muel szerep\u00e9t Pozsgai Zsolt \u2013 Guly\u00e1s Levente Az Ak\u00e1cember c\u00edm\u0171 musicalben, D\u00f3sa Zsuzsa rendez\u00e9s\u00e9ben. A fiatal m\u0171v\u00e9sz neh\u00e9z pr\u00f3bafolyamaton van t\u00fal, hiszen olyan \u00e9rz\u00e9seket kell megmutatnia a sz\u00ednpadon, amit \u00e9letkora, habitusa miatt m\u00e9g nem tapasztalhatott. T\u00f6bb \u00e9vtizedet k\u00f6vet v\u00e9gig a darab, ami szint\u00e9n komoly sz\u00edn\u00e9szi feladat. A besz\u00e9lget\u00e9s [&#8230;]","protected":false},"author":2,"featured_media":1148,"comment_status":"closed","ping_status":"closed","sticky":false,"template":"","format":"standard","meta":{"footnotes":""},"categories":[35],"tags":[],"class_list":["post-1455","post","type-post","status-publish","format-standard","has-post-thumbnail","hentry","category-hirek"],"yoast_head":"<!-- This site is optimized with the Yoast SEO plugin v27.5 - https:\/\/yoast.com\/product\/yoast-seo-wordpress\/ -->\n<title>Tessedik szerepe felel\u0151ss\u00e9g - Cervinus Te\u00e1trum<\/title>\n<meta name=\"robots\" content=\"index, follow, max-snippet:-1, max-image-preview:large, max-video-preview:-1\" \/>\n<link rel=\"canonical\" href=\"https:\/\/cervinusteatrum.hu\/sk\/tessedik-szerepe-felelosseg\/\" \/>\n<meta property=\"og:locale\" content=\"sk_SK\" \/>\n<meta property=\"og:type\" content=\"article\" \/>\n<meta property=\"og:title\" content=\"Tessedik szerepe felel\u0151ss\u00e9g - Cervinus Te\u00e1trum\" \/>\n<meta property=\"og:description\" content=\"Szente \u00c1rp\u00e1d Csaba a Cervinusban alak\u00edtja Tessedik S\u00e1muel szerep\u00e9t Pozsgai Zsolt \u2013 Guly\u00e1s Levente Az Ak\u00e1cember c\u00edm\u0171 musicalben, D\u00f3sa Zsuzsa rendez\u00e9s\u00e9ben. A fiatal m\u0171v\u00e9sz neh\u00e9z pr\u00f3bafolyamaton van t\u00fal, hiszen olyan \u00e9rz\u00e9seket kell megmutatnia a sz\u00ednpadon, amit \u00e9letkora, habitusa miatt m\u00e9g nem tapasztalhatott. T\u00f6bb \u00e9vtizedet k\u00f6vet v\u00e9gig a darab, ami szint\u00e9n komoly sz\u00edn\u00e9szi feladat. A besz\u00e9lget\u00e9s [...]\" \/>\n<meta property=\"og:url\" content=\"https:\/\/cervinusteatrum.hu\/sk\/tessedik-szerepe-felelosseg\/\" \/>\n<meta property=\"og:site_name\" content=\"Cervinus Te\u00e1trum\" \/>\n<meta property=\"article:publisher\" content=\"https:\/\/www.facebook.com\/cervinusteatrumhu\" \/>\n<meta property=\"article:published_time\" content=\"2023-10-26T15:29:08+00:00\" \/>\n<meta property=\"article:modified_time\" content=\"2023-10-26T15:29:09+00:00\" \/>\n<meta property=\"og:image\" content=\"https:\/\/cervinusteatrum.hu\/wp-content\/uploads\/2022\/09\/akacember-11-scaled.jpg\" \/>\n\t<meta property=\"og:image:width\" content=\"2560\" \/>\n\t<meta property=\"og:image:height\" content=\"1703\" \/>\n\t<meta property=\"og:image:type\" content=\"image\/jpeg\" \/>\n<meta name=\"author\" content=\"Szigeti Anna\" \/>\n<meta name=\"twitter:card\" content=\"summary_large_image\" \/>\n<meta name=\"twitter:label1\" content=\"Autor\" \/>\n\t<meta name=\"twitter:data1\" content=\"Szigeti Anna\" \/>\n\t<meta name=\"twitter:label2\" content=\"Predpokladan\u00fd \u010das \u010d\u00edtania\" \/>\n\t<meta name=\"twitter:data2\" content=\"8 min\u00fat\" \/>\n<script type=\"application\/ld+json\" class=\"yoast-schema-graph\">{\"@context\":\"https:\\\/\\\/schema.org\",\"@graph\":[{\"@type\":\"Article\",\"@id\":\"https:\\\/\\\/cervinusteatrum.hu\\\/tessedik-szerepe-felelosseg\\\/#article\",\"isPartOf\":{\"@id\":\"https:\\\/\\\/cervinusteatrum.hu\\\/tessedik-szerepe-felelosseg\\\/\"},\"author\":{\"name\":\"Szigeti Anna\",\"@id\":\"https:\\\/\\\/cervinusteatrum.hu\\\/#\\\/schema\\\/person\\\/f05e2eb6983137c2ecfca10c48a3f30e\"},\"headline\":\"Tessedik szerepe felel\u0151ss\u00e9g\",\"datePublished\":\"2023-10-26T15:29:08+00:00\",\"dateModified\":\"2023-10-26T15:29:09+00:00\",\"mainEntityOfPage\":{\"@id\":\"https:\\\/\\\/cervinusteatrum.hu\\\/tessedik-szerepe-felelosseg\\\/\"},\"wordCount\":1993,\"publisher\":{\"@id\":\"https:\\\/\\\/cervinusteatrum.hu\\\/#organization\"},\"image\":{\"@id\":\"https:\\\/\\\/cervinusteatrum.hu\\\/tessedik-szerepe-felelosseg\\\/#primaryimage\"},\"thumbnailUrl\":\"https:\\\/\\\/cervinusteatrum.hu\\\/wp-content\\\/uploads\\\/2022\\\/09\\\/akacember-11-scaled.jpg\",\"articleSection\":[\"H\u00edrek\"],\"inLanguage\":\"sk-SK\"},{\"@type\":\"WebPage\",\"@id\":\"https:\\\/\\\/cervinusteatrum.hu\\\/tessedik-szerepe-felelosseg\\\/\",\"url\":\"https:\\\/\\\/cervinusteatrum.hu\\\/tessedik-szerepe-felelosseg\\\/\",\"name\":\"Tessedik szerepe felel\u0151ss\u00e9g - Cervinus Te\u00e1trum\",\"isPartOf\":{\"@id\":\"https:\\\/\\\/cervinusteatrum.hu\\\/#website\"},\"primaryImageOfPage\":{\"@id\":\"https:\\\/\\\/cervinusteatrum.hu\\\/tessedik-szerepe-felelosseg\\\/#primaryimage\"},\"image\":{\"@id\":\"https:\\\/\\\/cervinusteatrum.hu\\\/tessedik-szerepe-felelosseg\\\/#primaryimage\"},\"thumbnailUrl\":\"https:\\\/\\\/cervinusteatrum.hu\\\/wp-content\\\/uploads\\\/2022\\\/09\\\/akacember-11-scaled.jpg\",\"datePublished\":\"2023-10-26T15:29:08+00:00\",\"dateModified\":\"2023-10-26T15:29:09+00:00\",\"breadcrumb\":{\"@id\":\"https:\\\/\\\/cervinusteatrum.hu\\\/tessedik-szerepe-felelosseg\\\/#breadcrumb\"},\"inLanguage\":\"sk-SK\",\"potentialAction\":[{\"@type\":\"ReadAction\",\"target\":[\"https:\\\/\\\/cervinusteatrum.hu\\\/tessedik-szerepe-felelosseg\\\/\"]}]},{\"@type\":\"ImageObject\",\"inLanguage\":\"sk-SK\",\"@id\":\"https:\\\/\\\/cervinusteatrum.hu\\\/tessedik-szerepe-felelosseg\\\/#primaryimage\",\"url\":\"https:\\\/\\\/cervinusteatrum.hu\\\/wp-content\\\/uploads\\\/2022\\\/09\\\/akacember-11-scaled.jpg\",\"contentUrl\":\"https:\\\/\\\/cervinusteatrum.hu\\\/wp-content\\\/uploads\\\/2022\\\/09\\\/akacember-11-scaled.jpg\",\"width\":2560,\"height\":1703},{\"@type\":\"BreadcrumbList\",\"@id\":\"https:\\\/\\\/cervinusteatrum.hu\\\/tessedik-szerepe-felelosseg\\\/#breadcrumb\",\"itemListElement\":[{\"@type\":\"ListItem\",\"position\":1,\"name\":\"Kezd\u0151lap\",\"item\":\"https:\\\/\\\/cervinusteatrum.hu\\\/\"},{\"@type\":\"ListItem\",\"position\":2,\"name\":\"Tessedik szerepe felel\u0151ss\u00e9g\"}]},{\"@type\":\"WebSite\",\"@id\":\"https:\\\/\\\/cervinusteatrum.hu\\\/#website\",\"url\":\"https:\\\/\\\/cervinusteatrum.hu\\\/\",\"name\":\"Cervinus Te\u00e1trum\",\"description\":\"\",\"publisher\":{\"@id\":\"https:\\\/\\\/cervinusteatrum.hu\\\/#organization\"},\"potentialAction\":[{\"@type\":\"SearchAction\",\"target\":{\"@type\":\"EntryPoint\",\"urlTemplate\":\"https:\\\/\\\/cervinusteatrum.hu\\\/?s={search_term_string}\"},\"query-input\":{\"@type\":\"PropertyValueSpecification\",\"valueRequired\":true,\"valueName\":\"search_term_string\"}}],\"inLanguage\":\"sk-SK\"},{\"@type\":\"Organization\",\"@id\":\"https:\\\/\\\/cervinusteatrum.hu\\\/#organization\",\"name\":\"Cervinus Te\u00e1trum\",\"url\":\"https:\\\/\\\/cervinusteatrum.hu\\\/\",\"logo\":{\"@type\":\"ImageObject\",\"inLanguage\":\"sk-SK\",\"@id\":\"https:\\\/\\\/cervinusteatrum.hu\\\/#\\\/schema\\\/logo\\\/image\\\/\",\"url\":\"https:\\\/\\\/cervinusteatrum.hu\\\/wp-content\\\/uploads\\\/2022\\\/03\\\/cervinus.png\",\"contentUrl\":\"https:\\\/\\\/cervinusteatrum.hu\\\/wp-content\\\/uploads\\\/2022\\\/03\\\/cervinus.png\",\"width\":819,\"height\":960,\"caption\":\"Cervinus Te\u00e1trum\"},\"image\":{\"@id\":\"https:\\\/\\\/cervinusteatrum.hu\\\/#\\\/schema\\\/logo\\\/image\\\/\"},\"sameAs\":[\"https:\\\/\\\/www.facebook.com\\\/cervinusteatrumhu\"]},{\"@type\":\"Person\",\"@id\":\"https:\\\/\\\/cervinusteatrum.hu\\\/#\\\/schema\\\/person\\\/f05e2eb6983137c2ecfca10c48a3f30e\",\"name\":\"Szigeti Anna\",\"image\":{\"@type\":\"ImageObject\",\"inLanguage\":\"sk-SK\",\"@id\":\"https:\\\/\\\/secure.gravatar.com\\\/avatar\\\/74ed1e815cb02261fb56b3061840103340e76f14b6aad2c328e9994b36b1e2eb?s=96&d=mm&r=g\",\"url\":\"https:\\\/\\\/secure.gravatar.com\\\/avatar\\\/74ed1e815cb02261fb56b3061840103340e76f14b6aad2c328e9994b36b1e2eb?s=96&d=mm&r=g\",\"contentUrl\":\"https:\\\/\\\/secure.gravatar.com\\\/avatar\\\/74ed1e815cb02261fb56b3061840103340e76f14b6aad2c328e9994b36b1e2eb?s=96&d=mm&r=g\",\"caption\":\"Szigeti Anna\"},\"url\":\"https:\\\/\\\/cervinusteatrum.hu\\\/sk\\\/author\\\/szigeti-anna\\\/\"}]}<\/script>\n<!-- \/ Yoast SEO plugin. -->","yoast_head_json":{"title":"Tessedik szerepe felel\u0151ss\u00e9g - Cervinus Te\u00e1trum","robots":{"index":"index","follow":"follow","max-snippet":"max-snippet:-1","max-image-preview":"max-image-preview:large","max-video-preview":"max-video-preview:-1"},"canonical":"https:\/\/cervinusteatrum.hu\/sk\/tessedik-szerepe-felelosseg\/","og_locale":"sk_SK","og_type":"article","og_title":"Tessedik szerepe felel\u0151ss\u00e9g - Cervinus Te\u00e1trum","og_description":"Szente \u00c1rp\u00e1d Csaba a Cervinusban alak\u00edtja Tessedik S\u00e1muel szerep\u00e9t Pozsgai Zsolt \u2013 Guly\u00e1s Levente Az Ak\u00e1cember c\u00edm\u0171 musicalben, D\u00f3sa Zsuzsa rendez\u00e9s\u00e9ben. A fiatal m\u0171v\u00e9sz neh\u00e9z pr\u00f3bafolyamaton van t\u00fal, hiszen olyan \u00e9rz\u00e9seket kell megmutatnia a sz\u00ednpadon, amit \u00e9letkora, habitusa miatt m\u00e9g nem tapasztalhatott. T\u00f6bb \u00e9vtizedet k\u00f6vet v\u00e9gig a darab, ami szint\u00e9n komoly sz\u00edn\u00e9szi feladat. A besz\u00e9lget\u00e9s [...]","og_url":"https:\/\/cervinusteatrum.hu\/sk\/tessedik-szerepe-felelosseg\/","og_site_name":"Cervinus Te\u00e1trum","article_publisher":"https:\/\/www.facebook.com\/cervinusteatrumhu","article_published_time":"2023-10-26T15:29:08+00:00","article_modified_time":"2023-10-26T15:29:09+00:00","og_image":[{"width":2560,"height":1703,"url":"https:\/\/cervinusteatrum.hu\/wp-content\/uploads\/2022\/09\/akacember-11-scaled.jpg","type":"image\/jpeg"}],"author":"Szigeti Anna","twitter_card":"summary_large_image","twitter_misc":{"Autor":"Szigeti Anna","Predpokladan\u00fd \u010das \u010d\u00edtania":"8 min\u00fat"},"schema":{"@context":"https:\/\/schema.org","@graph":[{"@type":"Article","@id":"https:\/\/cervinusteatrum.hu\/tessedik-szerepe-felelosseg\/#article","isPartOf":{"@id":"https:\/\/cervinusteatrum.hu\/tessedik-szerepe-felelosseg\/"},"author":{"name":"Szigeti Anna","@id":"https:\/\/cervinusteatrum.hu\/#\/schema\/person\/f05e2eb6983137c2ecfca10c48a3f30e"},"headline":"Tessedik szerepe felel\u0151ss\u00e9g","datePublished":"2023-10-26T15:29:08+00:00","dateModified":"2023-10-26T15:29:09+00:00","mainEntityOfPage":{"@id":"https:\/\/cervinusteatrum.hu\/tessedik-szerepe-felelosseg\/"},"wordCount":1993,"publisher":{"@id":"https:\/\/cervinusteatrum.hu\/#organization"},"image":{"@id":"https:\/\/cervinusteatrum.hu\/tessedik-szerepe-felelosseg\/#primaryimage"},"thumbnailUrl":"https:\/\/cervinusteatrum.hu\/wp-content\/uploads\/2022\/09\/akacember-11-scaled.jpg","articleSection":["H\u00edrek"],"inLanguage":"sk-SK"},{"@type":"WebPage","@id":"https:\/\/cervinusteatrum.hu\/tessedik-szerepe-felelosseg\/","url":"https:\/\/cervinusteatrum.hu\/tessedik-szerepe-felelosseg\/","name":"Tessedik szerepe felel\u0151ss\u00e9g - Cervinus Te\u00e1trum","isPartOf":{"@id":"https:\/\/cervinusteatrum.hu\/#website"},"primaryImageOfPage":{"@id":"https:\/\/cervinusteatrum.hu\/tessedik-szerepe-felelosseg\/#primaryimage"},"image":{"@id":"https:\/\/cervinusteatrum.hu\/tessedik-szerepe-felelosseg\/#primaryimage"},"thumbnailUrl":"https:\/\/cervinusteatrum.hu\/wp-content\/uploads\/2022\/09\/akacember-11-scaled.jpg","datePublished":"2023-10-26T15:29:08+00:00","dateModified":"2023-10-26T15:29:09+00:00","breadcrumb":{"@id":"https:\/\/cervinusteatrum.hu\/tessedik-szerepe-felelosseg\/#breadcrumb"},"inLanguage":"sk-SK","potentialAction":[{"@type":"ReadAction","target":["https:\/\/cervinusteatrum.hu\/tessedik-szerepe-felelosseg\/"]}]},{"@type":"ImageObject","inLanguage":"sk-SK","@id":"https:\/\/cervinusteatrum.hu\/tessedik-szerepe-felelosseg\/#primaryimage","url":"https:\/\/cervinusteatrum.hu\/wp-content\/uploads\/2022\/09\/akacember-11-scaled.jpg","contentUrl":"https:\/\/cervinusteatrum.hu\/wp-content\/uploads\/2022\/09\/akacember-11-scaled.jpg","width":2560,"height":1703},{"@type":"BreadcrumbList","@id":"https:\/\/cervinusteatrum.hu\/tessedik-szerepe-felelosseg\/#breadcrumb","itemListElement":[{"@type":"ListItem","position":1,"name":"Kezd\u0151lap","item":"https:\/\/cervinusteatrum.hu\/"},{"@type":"ListItem","position":2,"name":"Tessedik szerepe felel\u0151ss\u00e9g"}]},{"@type":"WebSite","@id":"https:\/\/cervinusteatrum.hu\/#website","url":"https:\/\/cervinusteatrum.hu\/","name":"Cervinus Te\u00e1trum","description":"","publisher":{"@id":"https:\/\/cervinusteatrum.hu\/#organization"},"potentialAction":[{"@type":"SearchAction","target":{"@type":"EntryPoint","urlTemplate":"https:\/\/cervinusteatrum.hu\/?s={search_term_string}"},"query-input":{"@type":"PropertyValueSpecification","valueRequired":true,"valueName":"search_term_string"}}],"inLanguage":"sk-SK"},{"@type":"Organization","@id":"https:\/\/cervinusteatrum.hu\/#organization","name":"Cervinus Te\u00e1trum","url":"https:\/\/cervinusteatrum.hu\/","logo":{"@type":"ImageObject","inLanguage":"sk-SK","@id":"https:\/\/cervinusteatrum.hu\/#\/schema\/logo\/image\/","url":"https:\/\/cervinusteatrum.hu\/wp-content\/uploads\/2022\/03\/cervinus.png","contentUrl":"https:\/\/cervinusteatrum.hu\/wp-content\/uploads\/2022\/03\/cervinus.png","width":819,"height":960,"caption":"Cervinus Te\u00e1trum"},"image":{"@id":"https:\/\/cervinusteatrum.hu\/#\/schema\/logo\/image\/"},"sameAs":["https:\/\/www.facebook.com\/cervinusteatrumhu"]},{"@type":"Person","@id":"https:\/\/cervinusteatrum.hu\/#\/schema\/person\/f05e2eb6983137c2ecfca10c48a3f30e","name":"Szigeti Anna","image":{"@type":"ImageObject","inLanguage":"sk-SK","@id":"https:\/\/secure.gravatar.com\/avatar\/74ed1e815cb02261fb56b3061840103340e76f14b6aad2c328e9994b36b1e2eb?s=96&d=mm&r=g","url":"https:\/\/secure.gravatar.com\/avatar\/74ed1e815cb02261fb56b3061840103340e76f14b6aad2c328e9994b36b1e2eb?s=96&d=mm&r=g","contentUrl":"https:\/\/secure.gravatar.com\/avatar\/74ed1e815cb02261fb56b3061840103340e76f14b6aad2c328e9994b36b1e2eb?s=96&d=mm&r=g","caption":"Szigeti Anna"},"url":"https:\/\/cervinusteatrum.hu\/sk\/author\/szigeti-anna\/"}]}},"_links":{"self":[{"href":"https:\/\/cervinusteatrum.hu\/sk\/wp-json\/wp\/v2\/posts\/1455","targetHints":{"allow":["GET"]}}],"collection":[{"href":"https:\/\/cervinusteatrum.hu\/sk\/wp-json\/wp\/v2\/posts"}],"about":[{"href":"https:\/\/cervinusteatrum.hu\/sk\/wp-json\/wp\/v2\/types\/post"}],"author":[{"embeddable":true,"href":"https:\/\/cervinusteatrum.hu\/sk\/wp-json\/wp\/v2\/users\/2"}],"replies":[{"embeddable":true,"href":"https:\/\/cervinusteatrum.hu\/sk\/wp-json\/wp\/v2\/comments?post=1455"}],"version-history":[{"count":1,"href":"https:\/\/cervinusteatrum.hu\/sk\/wp-json\/wp\/v2\/posts\/1455\/revisions"}],"predecessor-version":[{"id":1456,"href":"https:\/\/cervinusteatrum.hu\/sk\/wp-json\/wp\/v2\/posts\/1455\/revisions\/1456"}],"wp:featuredmedia":[{"embeddable":true,"href":"https:\/\/cervinusteatrum.hu\/sk\/wp-json\/wp\/v2\/media\/1148"}],"wp:attachment":[{"href":"https:\/\/cervinusteatrum.hu\/sk\/wp-json\/wp\/v2\/media?parent=1455"}],"wp:term":[{"taxonomy":"category","embeddable":true,"href":"https:\/\/cervinusteatrum.hu\/sk\/wp-json\/wp\/v2\/categories?post=1455"},{"taxonomy":"post_tag","embeddable":true,"href":"https:\/\/cervinusteatrum.hu\/sk\/wp-json\/wp\/v2\/tags?post=1455"}],"curies":[{"name":"wp","href":"https:\/\/api.w.org\/{rel}","templated":true}]}}